{"id":5629,"date":"2026-01-19T10:17:54","date_gmt":"2026-01-19T13:17:54","guid":{"rendered":"https:\/\/elpueblonoticia.com.ar\/web\/?p=5629"},"modified":"2026-01-19T10:17:54","modified_gmt":"2026-01-19T13:17:54","slug":"grilla-de-la-fiesta-nacional-del-chamame-lunes-19","status":"publish","type":"post","link":"https:\/\/elpueblonoticia.com.ar\/web\/2026\/01\/19\/grilla-de-la-fiesta-nacional-del-chamame-lunes-19\/","title":{"rendered":"Grilla de la Fiesta Nacional del Chamam\u00e9: lunes 19"},"content":{"rendered":"<div>\n<p>Tras un domingo con Iv\u00e1n Ruiz, Paquito Aranda, Marcia M\u00fcller, Cacho Esp\u00edndola y otros destacados artistas, la &#8220;Fiesta Grande&#8221; tendr\u00e1 continuidad hoy. Este lunes, habr\u00e1 referentes argentinos y Alma Vibrante, de Paraguay.<\/p>\n<p>Este lunes 19 se realizar\u00e1 la cuarta noche de la Fiesta Nacional del Chamam\u00e9. El anfiteatro &#8220;Mario del Tr\u00e1nsito Cocomarola&#8221; recibir\u00e1 a m\u00fasicos como La Pilarcita, Sim\u00f3n de Jes\u00fas Palacios, Christian Herrera y Los Pr\u00edncipes de Misiones.<\/p>\n<h3>Grilla<\/h3>\n<p>Alfredo Monz\u00f3n<br \/>\nAlma Vibrante (PY)<br \/>\nAriel Gauna y su Nueva propuesta<br \/>\nConjunto Sentimiento<br \/>\nChristian Herrera<br \/>\nEl poderoso Javier Sol\u00eds<br \/>\nGanadora Prefiesta Solista vocal: Anah\u00ed Ram\u00edrez<br \/>\nJuan de Dios<br \/>\nLos Chaque Ch\u00e9<br \/>\nLa Junta Chamamecera<br \/>\nLa Pilarcita<br \/>\nLos Hermanos Vel\u00e1zquez<br \/>\nLos Reales del Litoral<br \/>\nLos Pr\u00edncipes de Misiones<br \/>\nMiguel Figueroa y su conjunto Amanecer campero<br \/>\nPatricia G\u00f3mez<br \/>\nSim\u00f3n de Jes\u00fas Palacios<br \/>\nSof\u00eda Morales<br \/>\nConjunto Vera- Monz\u00f3n<\/p>\n<\/div>\n","protected":false},"excerpt":{"rendered":"<p>Tras un domingo con Iv\u00e1n Ruiz, Paquito Aranda, Marcia M\u00fcller, Cacho Esp\u00edndola y otros destacados artistas, la &#8220;Fiesta Grande&#8221; tendr\u00e1 continuidad hoy. Este lunes, habr\u00e1 referentes argentinos y Alma Vibrante, de Paraguay. Este lunes 19 se realizar\u00e1 la cuarta noche de la Fiesta Nacional del Chamam\u00e9. El anfiteatro &#8220;Mario del Tr\u00e1nsito Cocomarola&#8221; recibir\u00e1 a m\u00fasicos [&hellip;]<\/p>\n","protected":false},"author":2,"featured_media":5630,"comment_status":"open","ping_status":"open","sticky":false,"template":"","format":"standard","meta":{"footnotes":""},"categories":[79],"tags":[],"class_list":{"0":"post-5629","1":"post","2":"type-post","3":"status-publish","4":"format-standard","5":"has-post-thumbnail","7":"category-corrientes"},"_links":{"self":[{"href":"https:\/\/elpueblonoticia.com.ar\/web\/wp-json\/wp\/v2\/posts\/5629","targetHints":{"allow":["GET"]}}],"collection":[{"href":"https:\/\/elpueblonoticia.com.ar\/web\/wp-json\/wp\/v2\/posts"}],"about":[{"href":"https:\/\/elpueblonoticia.com.ar\/web\/wp-json\/wp\/v2\/types\/post"}],"author":[{"embeddable":true,"href":"https:\/\/elpueblonoticia.com.ar\/web\/wp-json\/wp\/v2\/users\/2"}],"replies":[{"embeddable":true,"href":"https:\/\/elpueblonoticia.com.ar\/web\/wp-json\/wp\/v2\/comments?post=5629"}],"version-history":[{"count":1,"href":"https:\/\/elpueblonoticia.com.ar\/web\/wp-json\/wp\/v2\/posts\/5629\/revisions"}],"predecessor-version":[{"id":5631,"href":"https:\/\/elpueblonoticia.com.ar\/web\/wp-json\/wp\/v2\/posts\/5629\/revisions\/5631"}],"wp:featuredmedia":[{"embeddable":true,"href":"https:\/\/elpueblonoticia.com.ar\/web\/wp-json\/wp\/v2\/media\/5630"}],"wp:attachment":[{"href":"https:\/\/elpueblonoticia.com.ar\/web\/wp-json\/wp\/v2\/media?parent=5629"}],"wp:term":[{"taxonomy":"category","embeddable":true,"href":"https:\/\/elpueblonoticia.com.ar\/web\/wp-json\/wp\/v2\/categories?post=5629"},{"taxonomy":"post_tag","embeddable":true,"href":"https:\/\/elpueblonoticia.com.ar\/web\/wp-json\/wp\/v2\/tags?post=5629"}],"curies":[{"name":"wp","href":"https:\/\/api.w.org\/{rel}","templated":true}]}}