{"id":5625,"date":"2026-01-19T09:55:45","date_gmt":"2026-01-19T12:55:45","guid":{"rendered":"https:\/\/elpueblonoticia.com.ar\/web\/?p=5625"},"modified":"2026-01-19T09:55:45","modified_gmt":"2026-01-19T12:55:45","slug":"corrientes-un-hombre-murio-tras-ser-atropellado-sobre-rn-14","status":"publish","type":"post","link":"https:\/\/elpueblonoticia.com.ar\/web\/2026\/01\/19\/corrientes-un-hombre-murio-tras-ser-atropellado-sobre-rn-14\/","title":{"rendered":"Corrientes: un hombre muri\u00f3 tras ser atropellado sobre RN 14"},"content":{"rendered":"<div class=\"articulo__intro\">\n<p>La v\u00edctima es oriunda de Gualeguaych\u00fa; a\u00fan se investigan las circunstancias en que se produjo el accidente.<\/p>\n<\/div>\n<div class=\"articulo__autorfecha\">\n<div class=\"autor\">\n<div class=\"autor__img\">\n<p>La localidad de <strong>Mocoret\u00e1\u00a0<\/strong>fue escenario de un\u00a0<strong>fatal accidente\u00a0<\/strong>el\u00a0<strong>domingo<\/strong>, donde\u00a0<strong>una persona muri\u00f3<\/strong>.<\/p>\n<div class=\"container-spot\" data-tipo=\"tipo_todo\" data-pos=\"NEW_P1_cuerpo\">\n<div class=\"gpt-load\" data-gpt=\"\/22675780113\/nota\/new_p1_cuerpo\" data-size=\"[[728, 90]]\" data-gpt-mobile=\"\/22675780113\/nota\/new_p1_cuerpo\" data-size-mobile=\"[[320, 100],[300, 250],[300, 100],[300, 50]]\"><\/div>\n<\/div>\n<p>En la\u00a0<strong>noche del domingo<\/strong>,\u00a0<strong>efectivos\u00a0<\/strong>de la\u00a0<strong>Comisar\u00eda de Distrito Primera de Mocoret\u00e1\u00a0<\/strong>respondieron a un llamado que avisaba sobre un\u00a0<strong>accidente\u00a0<\/strong>sobre la\u00a0<strong>Ruta Nacional N\u00b0 14<\/strong>, a la altura del\u00a0<strong>kil\u00f3metro 352<\/strong>, sobre el\u00a0<strong>carril oeste<\/strong>.<\/p>\n<p>El\u00a0<strong>personal policial\u00a0<\/strong>asisti\u00f3 al lugar junto a la\u00a0<strong>perito\u00a0<\/strong>y el\u00a0<strong>Fiscal\u00a0<\/strong>a la\u00a0<strong>escena<\/strong>, donde tambi\u00e9n\u00a0<strong>trabajaron los Bomberos\u00a0<\/strong>de la localidad. En el sitio se encontr\u00f3 a un\u00a0<strong>hombre mayor de edad\u00a0<\/strong>que fue\u00a0<strong>atropellado\u00a0<\/strong>por un\u00a0<strong>Fiat Palio color blanco<\/strong>. Debido a las\u00a0<strong>graves heridas sufridas<\/strong>, el peat\u00f3n\u00a0<strong>muri\u00f3 en el acto<\/strong>.<\/p>\n<div class=\"container-spot\" data-tipo=\"tipo_todo\" data-pos=\"NEW_P2_cuerpo\">\n<div class=\"gpt-load\" data-gpt=\"\/22675780113\/nota\/new_p2_cuerpo\" data-size=\"[[728, 90]]\" data-gpt-mobile=\"\/22675780113\/nota\/new_p2_cuerpo\" data-size-mobile=\"[[320, 100],[320, 50],[300, 600],[300, 250],[300, 100],[300, 50]]\"><\/div>\n<\/div>\n<p>&nbsp;<\/p>\n<div class=\"fixed-container direction-center\"><em><img decoding=\"async\" class=\"i-amphtml-fill-content i-amphtml-replaced-content\" title=\"Corrientes: un hombre muri\u00f3 tras ser atropellado sobre RN 14-\" src=\"https:\/\/pxcdn.ellitoral.com.ar\/litoral\/012026\/1768822597918\/618973711_18078189527607921_2661370390524051509_n.jpg?cw=807\" alt=\"Corrientes: un hombre muri\u00f3 tras ser atropellado sobre RN 14\" \/><\/em><\/div>\n<p>&nbsp;<\/p>\n<p>Sobre la\u00a0<strong>v\u00edctima\u00a0<\/strong>se pudo conocer que era\u00a0<strong>oriunda\u00a0<\/strong>de\u00a0<strong>Gualeguaych\u00fa<\/strong>,\u00a0<strong>Entre R\u00edos<\/strong>.<\/p>\n<div class=\"container-spot\" data-tipo=\"tipo_todo\" data-pos=\"NEW_P3_cuerpo\">\n<div class=\"gpt-load\" data-gpt=\"\/22675780113\/nota\/new_p3_cuerpo\" data-size=\"[[728, 90]]\" data-gpt-mobile=\"\/22675780113\/nota\/new_p3_cuerpo\" data-size-mobile=\"[[320, 100],[320, 50],[300, 250],[300, 100],[300, 50]]\"><\/div>\n<\/div>\n<p>Adem\u00e1s, en el\u00a0<strong>hecho\u00a0<\/strong>se\u00a0<strong>involucra\u00a0<\/strong>a\u00a0<strong>otro veh\u00edculo\u00a0<\/strong>que hab\u00eda\u00a0<strong>perdido un portaequipaje<\/strong>, siendo el inicio de la fatal secuencia.<\/p>\n<p>El\u00a0<strong>cuerpo\u00a0<\/strong>fue\u00a0<strong>trasladado al Hospital local\u00a0<\/strong>para practicarle la\u00a0<strong>autopsia m\u00e9dico forense<\/strong>, en tanto que la\u00a0<strong>investigaci\u00f3n policial\u00a0<\/strong>avanza para\u00a0<strong>determinar\u00a0<\/strong>las\u00a0<strong>circunstancias del siniestro vial<\/strong>.<\/p>\n<div class=\"container-spot\" data-tipo=\"tipo_todo\" data-pos=\"NEW_P4_cuerpo\">\n<div class=\"gpt-load\" data-gpt=\"\/22675780113\/nota\/new_p4_cuerpo\" data-size=\"[[728, 90]]\" data-gpt-mobile=\"\/22675780113\/nota\/new_p4_cuerpo\" data-size-mobile=\"[[300, 600],[300, 250],[300, 100],[300, 50],[320, 100],[320, 50]]\"><\/div>\n<\/div>\n<p><em>Con informaci\u00f3n de Portal Corrientes Mocoret\u00e1<\/em><\/p>\n<\/div>\n<\/div>\n<\/div>\n","protected":false},"excerpt":{"rendered":"<p>La v\u00edctima es oriunda de Gualeguaych\u00fa; a\u00fan se investigan las circunstancias en que se produjo el accidente. La localidad de Mocoret\u00e1\u00a0fue escenario de un\u00a0fatal accidente\u00a0el\u00a0domingo, donde\u00a0una persona muri\u00f3. En la\u00a0noche del domingo,\u00a0efectivos\u00a0de la\u00a0Comisar\u00eda de Distrito Primera de Mocoret\u00e1\u00a0respondieron a un llamado que avisaba sobre un\u00a0accidente\u00a0sobre la\u00a0Ruta Nacional N\u00b0 14, a la altura del\u00a0kil\u00f3metro 352, sobre [&hellip;]<\/p>\n","protected":false},"author":2,"featured_media":5626,"comment_status":"open","ping_status":"open","sticky":false,"template":"","format":"standard","meta":{"footnotes":""},"categories":[78],"tags":[],"class_list":{"0":"post-5625","1":"post","2":"type-post","3":"status-publish","4":"format-standard","5":"has-post-thumbnail","7":"category-generales"},"_links":{"self":[{"href":"https:\/\/elpueblonoticia.com.ar\/web\/wp-json\/wp\/v2\/posts\/5625","targetHints":{"allow":["GET"]}}],"collection":[{"href":"https:\/\/elpueblonoticia.com.ar\/web\/wp-json\/wp\/v2\/posts"}],"about":[{"href":"https:\/\/elpueblonoticia.com.ar\/web\/wp-json\/wp\/v2\/types\/post"}],"author":[{"embeddable":true,"href":"https:\/\/elpueblonoticia.com.ar\/web\/wp-json\/wp\/v2\/users\/2"}],"replies":[{"embeddable":true,"href":"https:\/\/elpueblonoticia.com.ar\/web\/wp-json\/wp\/v2\/comments?post=5625"}],"version-history":[{"count":1,"href":"https:\/\/elpueblonoticia.com.ar\/web\/wp-json\/wp\/v2\/posts\/5625\/revisions"}],"predecessor-version":[{"id":5627,"href":"https:\/\/elpueblonoticia.com.ar\/web\/wp-json\/wp\/v2\/posts\/5625\/revisions\/5627"}],"wp:featuredmedia":[{"embeddable":true,"href":"https:\/\/elpueblonoticia.com.ar\/web\/wp-json\/wp\/v2\/media\/5626"}],"wp:attachment":[{"href":"https:\/\/elpueblonoticia.com.ar\/web\/wp-json\/wp\/v2\/media?parent=5625"}],"wp:term":[{"taxonomy":"category","embeddable":true,"href":"https:\/\/elpueblonoticia.com.ar\/web\/wp-json\/wp\/v2\/categories?post=5625"},{"taxonomy":"post_tag","embeddable":true,"href":"https:\/\/elpueblonoticia.com.ar\/web\/wp-json\/wp\/v2\/tags?post=5625"}],"curies":[{"name":"wp","href":"https:\/\/api.w.org\/{rel}","templated":true}]}}