{"id":5621,"date":"2026-01-19T09:38:55","date_gmt":"2026-01-19T12:38:55","guid":{"rendered":"https:\/\/elpueblonoticia.com.ar\/web\/?p=5621"},"modified":"2026-01-19T09:38:55","modified_gmt":"2026-01-19T12:38:55","slug":"investigan-el-hallazgo-de-un-cuerpo-flotando-en-el-rio-uruguay","status":"publish","type":"post","link":"https:\/\/elpueblonoticia.com.ar\/web\/2026\/01\/19\/investigan-el-hallazgo-de-un-cuerpo-flotando-en-el-rio-uruguay\/","title":{"rendered":"Investigan el hallazgo de un cuerpo flotando en el r\u00edo Uruguay"},"content":{"rendered":"<p>Un inquietante hallazgo alter\u00f3 la calma del domingo en Monte Caseros. Pasadas las 18.45, efectivos de la Prefectura Naval Argentina divisaron el cuerpo sin vida de un hombre flotando en aguas del r\u00edo Uruguay. El hecho se registr\u00f3 en la costa del v\u00e9rtice sur de la isla Itacomb\u00fa, a la altura del kil\u00f3metro 478,6 del curso fluvial, una zona habitualmente transitada por embarcaciones.<\/p>\n<p>EL DESCUBRIMIENTO<\/p>\n<p>De acuerdo con los primeros datos recabados en el lugar, el cad\u00e1ver se encontraba en un avanzado estado de descomposici\u00f3n, lo que dificult\u00f3 las tareas iniciales de reconocimiento. Fuentes vinculadas a la investigaci\u00f3n se\u00f1alaron que se tratar\u00eda de un hombre de entre 30 y 50 a\u00f1os, aunque por el momento no se logr\u00f3 determinar su identidad.<br \/>\nAl ser rescatado de las aguas, se constat\u00f3 que el cuerpo vest\u00eda \u00fanicamente una bermuda de color azul, se encontraba con el torso descubierto y sin calzado. La ausencia de documentaci\u00f3n personal y las condiciones en que fue hallado obligaron a las autoridades a iniciar un amplio trabajo investigativo para intentar establecer qui\u00e9n era la v\u00edctima.<br \/>\nTras el aviso de Prefectura, tom\u00f3 intervenci\u00f3n el fiscal L\u00f3pez Ruiz, quien dispuso de inmediato el traslado del cuerpo a tierra firme para dar inicio a las actuaciones correspondientes. En el operativo participaron el jefe y personal de la Comisar\u00eda Primera de Monte Caseros, con el apoyo de efectivos de las Comisar\u00edas Segunda y Tercera de esa ciudad.<\/p>\n<p>INVESTIGACI\u00d3N<\/p>\n<p>Una vez en la costa, la m\u00e9dica forense en turno realiz\u00f3 un examen cadav\u00e9rico preliminar con el objetivo de obtener los primeros indicios sobre el estado del cuerpo. No obstante, se aclar\u00f3 que los datos concluyentes surgir\u00e1n reci\u00e9n a partir de la autopsia.<br \/>\nEl cad\u00e1ver fue derivado inicialmente a la morgue del hospital local, donde se llevar\u00e1n adelante las pericias forenses. Dichos estudios permitir\u00e1n determinar con precisi\u00f3n la causa de muerte, as\u00ed como tambi\u00e9n el tiempo aproximado que el cuerpo permaneci\u00f3 en el agua, informaci\u00f3n clave para orientar la investigaci\u00f3n.<br \/>\nMientras tanto, las autoridades trabajan en el cotejo de bases de datos de personas desaparecidas tanto de la regi\u00f3n como de localidades cercanas, incluyendo zonas fronterizas de Uruguay y Brasil. Por el momento no se descarta ninguna hip\u00f3tesis, y el caso contin\u00faa bajo investigaci\u00f3n para intentar esclarecer las circunstancias que rodearon este misterioso episodio.<\/p>\n","protected":false},"excerpt":{"rendered":"<p>Un inquietante hallazgo alter\u00f3 la calma del domingo en Monte Caseros. Pasadas las 18.45, efectivos de la Prefectura Naval Argentina divisaron el cuerpo sin vida de un hombre flotando en aguas del r\u00edo Uruguay. El hecho se registr\u00f3 en la costa del v\u00e9rtice sur de la isla Itacomb\u00fa, a la altura del kil\u00f3metro 478,6 del [&hellip;]<\/p>\n","protected":false},"author":2,"featured_media":5622,"comment_status":"open","ping_status":"open","sticky":false,"template":"","format":"standard","meta":{"footnotes":""},"categories":[68],"tags":[],"class_list":{"0":"post-5621","1":"post","2":"type-post","3":"status-publish","4":"format-standard","5":"has-post-thumbnail","7":"category-policiales-nacionales"},"_links":{"self":[{"href":"https:\/\/elpueblonoticia.com.ar\/web\/wp-json\/wp\/v2\/posts\/5621","targetHints":{"allow":["GET"]}}],"collection":[{"href":"https:\/\/elpueblonoticia.com.ar\/web\/wp-json\/wp\/v2\/posts"}],"about":[{"href":"https:\/\/elpueblonoticia.com.ar\/web\/wp-json\/wp\/v2\/types\/post"}],"author":[{"embeddable":true,"href":"https:\/\/elpueblonoticia.com.ar\/web\/wp-json\/wp\/v2\/users\/2"}],"replies":[{"embeddable":true,"href":"https:\/\/elpueblonoticia.com.ar\/web\/wp-json\/wp\/v2\/comments?post=5621"}],"version-history":[{"count":1,"href":"https:\/\/elpueblonoticia.com.ar\/web\/wp-json\/wp\/v2\/posts\/5621\/revisions"}],"predecessor-version":[{"id":5623,"href":"https:\/\/elpueblonoticia.com.ar\/web\/wp-json\/wp\/v2\/posts\/5621\/revisions\/5623"}],"wp:featuredmedia":[{"embeddable":true,"href":"https:\/\/elpueblonoticia.com.ar\/web\/wp-json\/wp\/v2\/media\/5622"}],"wp:attachment":[{"href":"https:\/\/elpueblonoticia.com.ar\/web\/wp-json\/wp\/v2\/media?parent=5621"}],"wp:term":[{"taxonomy":"category","embeddable":true,"href":"https:\/\/elpueblonoticia.com.ar\/web\/wp-json\/wp\/v2\/categories?post=5621"},{"taxonomy":"post_tag","embeddable":true,"href":"https:\/\/elpueblonoticia.com.ar\/web\/wp-json\/wp\/v2\/tags?post=5621"}],"curies":[{"name":"wp","href":"https:\/\/api.w.org\/{rel}","templated":true}]}}