{"id":5617,"date":"2026-01-19T09:09:11","date_gmt":"2026-01-19T12:09:11","guid":{"rendered":"https:\/\/elpueblonoticia.com.ar\/web\/?p=5617"},"modified":"2026-01-19T09:09:11","modified_gmt":"2026-01-19T12:09:11","slug":"primera-quincena-con-ocupacion-del-55-y-muchos-turistas-de-paso","status":"publish","type":"post","link":"https:\/\/elpueblonoticia.com.ar\/web\/2026\/01\/19\/primera-quincena-con-ocupacion-del-55-y-muchos-turistas-de-paso\/","title":{"rendered":"Primera quincena con ocupaci\u00f3n del 55% y muchos \u00abturistas de paso\u00bb"},"content":{"rendered":"<p>El inicio del verano 2026 ha mostrado una din\u00e1mica tur\u00edstica compleja en todo el pa\u00eds, marcada por contrastes notables entre los destinos consolidados y aquellos emergentes. Seg\u00fan el \u00faltimo informe elaborado por la Confederaci\u00f3n Argentina de la Mediana Empresa (Came), la temporada arranc\u00f3 con se\u00f1ales de dinamismo, pero tambi\u00e9n con una gran cautela en el gasto.<\/p>\n<p>En este escenario nacional, Corrientes registr\u00f3 una ocupaci\u00f3n promedio del 55 por ciento durante la primera quincena de enero. Si bien el n\u00famero refleja actividad, ubica a la provincia en un rango de desempe\u00f1o medio, lejos de los picos de ocupaci\u00f3n plena que se observaron en otros puntos del pa\u00eds.<\/p>\n<p>El informe de Came destaca que la temporada no se est\u00e1 ordenando por la anticipaci\u00f3n de las reservas, sino por \u00abactivadores\u00bb concretos. Esto significa que los turistas ya no planifican sus vacaciones con meses de antelaci\u00f3n, sino que se mueven impulsados por eventos, el clima o propuestas puntuales.<\/p>\n<p>Dentro del mapa del Litoral, Corrientes muestra un comportamiento particular que la diferencia de sus vecinos. Mientras que Puerto Iguaz\u00fa, en Misiones, alcanz\u00f3 una ocupaci\u00f3n superior al 82 por ciento, el territorio correntino funciona mayormente con una l\u00f3gica de tr\u00e1nsito.<\/p>\n<p>Los datos relevados indican que en las ciudades de Corrientes, al igual que en puntos de Chaco o La Pampa, los visitantes no suelen permanecer m\u00e1s de una noche.<br \/>\nEsta conducta del \u00abturista de paso\u00bb responde a que muchos viajeros utilizan la infraestructura hotelera local como una escala t\u00e9cnica. Su objetivo final suele ser continuar viaje hacia otros destinos regionales o cruzar las fronteras hacia pa\u00edses lim\u00edtrofes.<br \/>\nEsto obliga a los prestadores locales a trabajar con una rotaci\u00f3n de pasajeros muy alta y constante. La hoteler\u00eda debe adaptarse a un flujo de personas que llega, duerme una noche y libera la habitaci\u00f3n a la ma\u00f1ana siguiente, lo que dificulta la previsibilidad financiera de los negocios.<\/p>\n<p>Sin embargo, no todo es turismo de tr\u00e1nsito. El informe de Came hace una distinci\u00f3n clara sobre los productos que s\u00ed logran retener al visitante. En este sentido, los Esteros del Iber\u00e1 fueron identificados como uno de los atractivos de naturaleza m\u00e1s demandados del verano.<br \/>\nEl humedal correntino logr\u00f3 posicionarse en el mismo nivel de inter\u00e9s que gigantes tur\u00edsticos como las Cataratas del Iguaz\u00fa o Ushuaia. Esto demuestra que, cuando la oferta tur\u00edstica es \u00fanica y diferencial, el visitante est\u00e1 dispuesto a quedarse m\u00e1s tiempo y realizar un gasto mayor.<\/p>\n<p>Otro rasgo distintivo de este enero es la demora en la decisi\u00f3n de compra. Los operadores tur\u00edsticos del Litoral coinciden en que las reservas anticipadas han perdido peso de forma dr\u00e1stica frente a la espontaneidad.<\/p>\n<p>La mayor\u00eda de las consultas se concretan en el mismo d\u00eda del arribo o, como mucho, con 72 horas de antelaci\u00f3n. Muchas veces, la contrataci\u00f3n del alojamiento se realiza de manera presencial, directamente en el mostrador del hotel, lo que a\u00f1ade incertidumbre al sector.<br \/>\nEn cuanto al impacto econ\u00f3mico, el turista que recorre la provincia se muestra prudente. Se ha consolidado un perfil de viajero que controla sus gastos y prioriza las experiencias esenciales por sobre los lujos o las compras accesorias.<\/p>\n<p>Aunque el informe de Came no detalla el gasto promedio exacto en pesos para Corrientes, s\u00ed marca la tendencia regional. En la vecina provincia de Entre R\u00edos, por ejemplo, el gasto diario rond\u00f3 los 96.960 pesos, una cifra que sirve de referencia para entender el movimiento econ\u00f3mico en la zona.<br \/>\nLa ocupaci\u00f3n en Corrientes tambi\u00e9n mostr\u00f3 una fuerte dependencia de la agenda cultural. Los niveles de demanda subieron por encima del promedio del 55 por ciento \u00fanicamente cuando hubo festivales o fiestas populares que funcionaron como \u00abgatilladores\u00bb de viajes.<br \/>\nEsta l\u00f3gica de \u00abpicos\u00bb es central para entender la temporada 2026. Donde hay un evento masivo, la ocupaci\u00f3n se dispara; cuando la agenda se vac\u00eda, la actividad tur\u00edstica vuelve a sus niveles basales de tr\u00e1nsito.<\/p>\n<p>Por \u00faltimo, el sector enfrenta desaf\u00edos estructurales que menciona la entidad gremial empresaria. Uno de los m\u00e1s preocupantes es el crecimiento de la oferta informal de alojamiento, que compite con la hoteler\u00eda registrada y presiona las tarifas a la baja.<br \/>\nA esto se suma la variable clim\u00e1tica. La dependencia del buen tiempo es total: cuando el clima acompa\u00f1a, la demanda de escapadas de fin de semana a playas de r\u00edo y lagunas reacciona r\u00e1pido; cuando hay inestabilidad, las reservas caen de inmediato.<\/p>\n","protected":false},"excerpt":{"rendered":"<p>El inicio del verano 2026 ha mostrado una din\u00e1mica tur\u00edstica compleja en todo el pa\u00eds, marcada por contrastes notables entre los destinos consolidados y aquellos emergentes. Seg\u00fan el \u00faltimo informe elaborado por la Confederaci\u00f3n Argentina de la Mediana Empresa (Came), la temporada arranc\u00f3 con se\u00f1ales de dinamismo, pero tambi\u00e9n con una gran cautela en el [&hellip;]<\/p>\n","protected":false},"author":2,"featured_media":5618,"comment_status":"open","ping_status":"open","sticky":false,"template":"","format":"standard","meta":{"footnotes":""},"categories":[78],"tags":[],"class_list":{"0":"post-5617","1":"post","2":"type-post","3":"status-publish","4":"format-standard","5":"has-post-thumbnail","7":"category-generales"},"_links":{"self":[{"href":"https:\/\/elpueblonoticia.com.ar\/web\/wp-json\/wp\/v2\/posts\/5617","targetHints":{"allow":["GET"]}}],"collection":[{"href":"https:\/\/elpueblonoticia.com.ar\/web\/wp-json\/wp\/v2\/posts"}],"about":[{"href":"https:\/\/elpueblonoticia.com.ar\/web\/wp-json\/wp\/v2\/types\/post"}],"author":[{"embeddable":true,"href":"https:\/\/elpueblonoticia.com.ar\/web\/wp-json\/wp\/v2\/users\/2"}],"replies":[{"embeddable":true,"href":"https:\/\/elpueblonoticia.com.ar\/web\/wp-json\/wp\/v2\/comments?post=5617"}],"version-history":[{"count":1,"href":"https:\/\/elpueblonoticia.com.ar\/web\/wp-json\/wp\/v2\/posts\/5617\/revisions"}],"predecessor-version":[{"id":5619,"href":"https:\/\/elpueblonoticia.com.ar\/web\/wp-json\/wp\/v2\/posts\/5617\/revisions\/5619"}],"wp:featuredmedia":[{"embeddable":true,"href":"https:\/\/elpueblonoticia.com.ar\/web\/wp-json\/wp\/v2\/media\/5618"}],"wp:attachment":[{"href":"https:\/\/elpueblonoticia.com.ar\/web\/wp-json\/wp\/v2\/media?parent=5617"}],"wp:term":[{"taxonomy":"category","embeddable":true,"href":"https:\/\/elpueblonoticia.com.ar\/web\/wp-json\/wp\/v2\/categories?post=5617"},{"taxonomy":"post_tag","embeddable":true,"href":"https:\/\/elpueblonoticia.com.ar\/web\/wp-json\/wp\/v2\/tags?post=5617"}],"curies":[{"name":"wp","href":"https:\/\/api.w.org\/{rel}","templated":true}]}}