{"id":5613,"date":"2026-01-19T08:43:22","date_gmt":"2026-01-19T11:43:22","guid":{"rendered":"https:\/\/elpueblonoticia.com.ar\/web\/?p=5613"},"modified":"2026-01-19T08:43:22","modified_gmt":"2026-01-19T11:43:22","slug":"desarrollo-social-entrega-de-modulos-alimentarios","status":"publish","type":"post","link":"https:\/\/elpueblonoticia.com.ar\/web\/2026\/01\/19\/desarrollo-social-entrega-de-modulos-alimentarios\/","title":{"rendered":"DESARROLLO SOCIAL: ENTREGA DE M\u00d3DULOS ALIMENTARIOS"},"content":{"rendered":"<p><strong>A partir del lunes 19 de enero, la Delegaci\u00f3n Goya de Desarrollo Social comenzar\u00e1 la entrega de los M\u00f3dulos Alimentarios a los beneficiarios de los diferentes barrios de nuestra ciudad, en sus oficinas de Avenida Mazzanti 555 en el horario de 7 y 30 a 12 y 30 horas, recordando que el tr\u00e1mite es personal, debe asistir el beneficiario con su DNI.<\/strong><\/p>\n<p>&nbsp;<\/p>\n<p>Asimismo, la Delegaci\u00f3n inform\u00f3 que a los beneficiarios de los Barrios Santa Catalina; Puerto Boca, Aeropuerto; Rinc\u00f3n de Gomez; Remanso y Paraje Soledad se llevar\u00e1, haciendo la entrega en el lugar establecido para tal efecto.<\/p>\n<p>SEMANA DEL 19 AL 28 DE ENERO:<\/p>\n<p>Lunes 19: Barrios: 63 Viviendas; Puente Chiappe; CGT; Leandro Alem; Yapey\u00fa; Virgen de Lourdes; Mauricio Valenzuela; Sargento Cabral; 99 Viviendas; Virgen del Rosario; Jard\u00edn; Bicentenario; La Rotonda; Colo\u00f1ita Loza; Francisco Palau; Inmaculada Concepci\u00f3n; San Cayetano; Santa Rita; Placido Mart\u00ednez.<\/p>\n<p>Martes 20: Barrios: Santa Clara; Rinc\u00f3n de Gomez (se lleva); Coqui Correa; Independencia; Itati; Medalla Milagrosa; Santa Rosa de Lima; Santiago La Hoz; Resurrecci\u00f3n; Mateo Marincovich; Estrella del Sur; Pando.<\/p>\n<p>Mi\u00e9rcoles 21: Barrios: 100 Viviendas, Virgen de Luj\u00e1n; 25 de mayo; 70 Viviendas; 96 Viviendas; 160 Viviendas; Alberdi; Belgrano; San Francisco de As\u00eds; Las Golondrinas; \u00d1anderoga; \u00d1apind\u00e1.<\/p>\n<p>Jueves 22: Barrios: Devoto; Devoto Nuevo; Paraje Soledad (Se lleva); Francisco I; Matadero; Aeroclub; Santa Lucia; Juan XXIII.<\/p>\n<p>Viernes 23: Barrio: San Ram\u00f3n.<\/p>\n<p>Lunes 26: Barrios: Aeropuerto; Remanso (Se lleva); Arco Iris; Sarmiento.<\/p>\n<p>Martes 27: Barrios: Puerto Boca; Santa Catalina (Se lleva); 1\u00ba de mayo; COEMBOTA; Laguna Bosco; Mariano Moreno; Scofano; G\u00fcemes.<\/p>\n<p>Mi\u00e9rcoles 28: Barrios: La Boca (Ex Chacal); Esperanza.<\/p>\n","protected":false},"excerpt":{"rendered":"<p>A partir del lunes 19 de enero, la Delegaci\u00f3n Goya de Desarrollo Social comenzar\u00e1 la entrega de los M\u00f3dulos Alimentarios a los beneficiarios de los diferentes barrios de nuestra ciudad, en sus oficinas de Avenida Mazzanti 555 en el horario de 7 y 30 a 12 y 30 horas, recordando que el tr\u00e1mite es personal, [&hellip;]<\/p>\n","protected":false},"author":2,"featured_media":5614,"comment_status":"open","ping_status":"open","sticky":false,"template":"","format":"standard","meta":{"footnotes":""},"categories":[56],"tags":[],"class_list":{"0":"post-5613","1":"post","2":"type-post","3":"status-publish","4":"format-standard","5":"has-post-thumbnail","7":"category-locales"},"_links":{"self":[{"href":"https:\/\/elpueblonoticia.com.ar\/web\/wp-json\/wp\/v2\/posts\/5613","targetHints":{"allow":["GET"]}}],"collection":[{"href":"https:\/\/elpueblonoticia.com.ar\/web\/wp-json\/wp\/v2\/posts"}],"about":[{"href":"https:\/\/elpueblonoticia.com.ar\/web\/wp-json\/wp\/v2\/types\/post"}],"author":[{"embeddable":true,"href":"https:\/\/elpueblonoticia.com.ar\/web\/wp-json\/wp\/v2\/users\/2"}],"replies":[{"embeddable":true,"href":"https:\/\/elpueblonoticia.com.ar\/web\/wp-json\/wp\/v2\/comments?post=5613"}],"version-history":[{"count":1,"href":"https:\/\/elpueblonoticia.com.ar\/web\/wp-json\/wp\/v2\/posts\/5613\/revisions"}],"predecessor-version":[{"id":5615,"href":"https:\/\/elpueblonoticia.com.ar\/web\/wp-json\/wp\/v2\/posts\/5613\/revisions\/5615"}],"wp:featuredmedia":[{"embeddable":true,"href":"https:\/\/elpueblonoticia.com.ar\/web\/wp-json\/wp\/v2\/media\/5614"}],"wp:attachment":[{"href":"https:\/\/elpueblonoticia.com.ar\/web\/wp-json\/wp\/v2\/media?parent=5613"}],"wp:term":[{"taxonomy":"category","embeddable":true,"href":"https:\/\/elpueblonoticia.com.ar\/web\/wp-json\/wp\/v2\/categories?post=5613"},{"taxonomy":"post_tag","embeddable":true,"href":"https:\/\/elpueblonoticia.com.ar\/web\/wp-json\/wp\/v2\/tags?post=5613"}],"curies":[{"name":"wp","href":"https:\/\/api.w.org\/{rel}","templated":true}]}}