{"id":5609,"date":"2026-01-19T08:19:30","date_gmt":"2026-01-19T11:19:30","guid":{"rendered":"https:\/\/elpueblonoticia.com.ar\/web\/?p=5609"},"modified":"2026-01-19T08:19:30","modified_gmt":"2026-01-19T11:19:30","slug":"a-11-anos-de-la-muerte-de-alberto-nisman-la-justicia-avanza-sobre-inteligencia-ilegal-y-encubrimiento-politico","status":"publish","type":"post","link":"https:\/\/elpueblonoticia.com.ar\/web\/2026\/01\/19\/a-11-anos-de-la-muerte-de-alberto-nisman-la-justicia-avanza-sobre-inteligencia-ilegal-y-encubrimiento-politico\/","title":{"rendered":"A 11 a\u00f1os de la muerte de Alberto Nisman, la Justicia avanza sobre inteligencia ilegal y encubrimiento pol\u00edtico"},"content":{"rendered":"<div id=\"modalIntrotext\">\n<div>Comenzaron a declarar agentes de inteligencia del Ej\u00e9rcito en la investigaci\u00f3n del asesinato del fiscal. Se apunta adem\u00e1s a ex funcionarios judiciales y pol\u00edticos por supuestos intentos de desv\u00edo del caso, para que parezca un suicidio.<\/div>\n<div><\/div>\n<\/div>\n<div id=\"modalFulltext\">A 11 a\u00f1os de la muerte de Alberto Nisman, la Justicia refuerza su avance sobre una de las l\u00edneas m\u00e1s sensibles del expediente a la hora de intentar esclarecer qui\u00e9nes asesinaron al fiscal. Ya se considera probado que se trat\u00f3 de un crimen vinculado de manera directa a su funci\u00f3n como investigador del atentado a la AMIA y denunciante de Cristina Fern\u00e1ndez de Kirchner por la firma del Memor\u00e1ndum con Ir\u00e1n.<\/p>\n<p>Se busca esclarecer la actuaci\u00f3n de un peque\u00f1o grupo de agentes de inteligencia del Ej\u00e9rcito que, seg\u00fan se logr\u00f3 determinar, estuvieron en las inmediaciones del departamento de Nisman durante el fin de semana del 18 de enero de 2015, antes del hallazgo del cuerpo del fiscal con un disparo en la cabeza en el ba\u00f1o de su casa en las torres Le Parc, en Puerto Madero.<\/p>\n<p>A Nisman le faltaban horas para presentarse en el Congreso de la Naci\u00f3n y revelar detalles de su denuncia contra la entonces Presidenta, funcionarios de su gobierno y otros implicados por supuesto encubrimiento del ataque que dej\u00f3 85 muertos el 18 de julio de 1994 en Pasteur 633, sede de la mutual jud\u00eda en el barrio de Once, con la firma del Memor\u00e1ndum.<\/p>\n<p>Las l\u00edneas de la investigaci\u00f3n<\/p>\n<p>En los \u00faltimos meses, comenzaron a declarar como testigos integrantes del \u00e1rea de inteligencia militar operativa en 2015. Ya prestaron testimonio al menos 15 agentes \u2014cuya identidad se mantiene bajo reserva\u2014 aunque el universo bajo an\u00e1lisis es mucho m\u00e1s amplio. Los investigadores reconocen que el tiempo pasa y esto marca el inicio de un largo camino que esperan que los lleve -al final- a un peque\u00f1o grupo cuyos tel\u00e9fonos fueron ubicados en la zona de Puerto Madero ese fin de semana. Pero tambi\u00e9n remarcan los obst\u00e1culos que enfrentaron durante a\u00f1os para el avance del caso, los intentos por desviar la investigaci\u00f3n para que parezca un suicidio y el accionar al respecto de funcionarios de entonces para que el caso no avance.<\/p>\n<p>Esto es parte de una segunda l\u00ednea de investigaci\u00f3n sobre responsabilidades pol\u00edticas en la que esperan novedades durante la primera mitad de 2026. Hubo un \u201cplan criminal\u201d para \u201cdesviar la atenci\u00f3n de la hip\u00f3tesis homicida\u201d y para ello result\u00f3 \u201cesencial una investigaci\u00f3n que no profundizara sobre las circunstancias que rodearon la muerte\u201d.<\/p>\n<p>Ahora se intentar\u00e1 avanzar con nombre y apellido en m\u00e1s imputaciones concretas hacia quienes, para los investigadores, fueron parte de este presunto plan. El punto de partida ser\u00e1 la declaraci\u00f3n indagatoria de la ex fiscal Viviana Fein, primera investigadora del caso, programada para fin de febrero.<\/p>\n<p>Inteligencia ilegal<\/p>\n<p>Hasta ahora, los agentes de inteligencia del Ej\u00e9rcito aportaron informaci\u00f3n sobre la estructura interna, el funcionamiento operativo y la cadena de mandos vigente en ese per\u00edodo, cuando la fuerza estuvo comandada por C\u00e9sar Milani. La atenci\u00f3n de los investigadores se concentra en dilucidar si esos agentes descubiertos merodeando por Puerto Madero durante el fin de semana de la muerte del fiscal cumplieron \u00f3rdenes que no se les tendr\u00edan que haber dado.<\/p>\n<p>Seg\u00fan fuentes judiciales, se sospecha que \u201ccuanto menos\u201d estaban haciendo inteligencia interna prohibida por ley. Ninguno fue convocado a\u00fan a declarar, aunque sus datos ya est\u00e1n incorporados al expediente. Surgieron a partir de informes de geolocalizaci\u00f3n de tel\u00e9fonos celulares.<\/p>\n<p>La hip\u00f3tesis central apunta a la intervenci\u00f3n de sectores de inteligencia militar que habr\u00edan actuado por fuera de sus funciones legales tras las acusaciones presentadas por el fiscal (cuatro d\u00edas antes de morir) contra la entonces presidenta, funcionarios de su gobierno y otros acusados por supuesto encubrimiento del atentado. Tras un largo derrotero judicial, la denuncia de Nisman finalmente se convirti\u00f3 en una causa penal que ir\u00e1 a juicio oral sin fecha todav\u00eda de inicio en los tribunales de Comodoro Py 2002.<\/p>\n<p>AMIA, Memor\u00e1ndum y muerte de Nisman<\/p>\n<p>La causa por la muerte del ex titular de la Unidad Fiscal AMIA se encuentra delegada en la fiscal\u00eda federal a cargo de Eduardo Taiano y se concentra en una dependencia especial que funciona fuera de Comodoro Py 2002, bajo la coordinaci\u00f3n del auxiliar fiscal Hern\u00e1n Kleiman. Encabeza un equipo de siete funcionarios judiciales que desde hace a\u00f1os impulsa las principales l\u00edneas. Hay pedidos de m\u00e1s personal todav\u00eda pendientes.<\/p>\n<p>Para los investigadores, el atentado del 18 de julio de 1994 contra la sede de la AMIA \u2014que dej\u00f3 85 muertos\u2014, la firma del Memor\u00e1ndum con Ir\u00e1n durante el gobierno de Cristina Kirchner y el crimen de Alberto Nisman forman parte de una misma matriz. En ese marco, sostienen que desde ciertos sectores se trabaj\u00f3 activamente para que no se conociera qu\u00e9 ocurri\u00f3 realmente con el fiscal y que parte de esas maniobras tuvieron como objetivo ocultar movimientos, borrar huellas y desviar la investigaci\u00f3n. \u201cEst\u00e1 plenamente probado que hubo acciones destinadas a impedir que se investigara\u201d, aseguran a Infobae fuentes con acceso al expediente.<\/p>\n<p>Gran parte de los 11 a\u00f1os transcurridos desde la muerte de Nisman estuvieron marcados por obstrucciones, negativas a entregar informaci\u00f3n y falta de cooperaci\u00f3n institucional. La causa avanza sin querella particular a instancias de la fiscal\u00eda y a cargo del juez federal Juli\u00e1n Ercolini, quien deleg\u00f3 la investigaci\u00f3n. Para obtener cierta prueba fue necesario allanar a\u00f1os atr\u00e1s la Casa Rosada y la sede central de la ex SIDE, recuerdan.<\/p>\n<p>En este contexto, est\u00e1 prevista para fines de febrero la declaraci\u00f3n indagatoria de la ex fiscal ya jubilada Fein, quien tuvo a su cargo la investigaci\u00f3n inicial del caso en el fuero criminal ordinario. En paralelo, los investigadores consideran probada la existencia de una supuesta orden expresa desde la c\u00fapula de la Agencia Federal de Inteligencia \u2014que en ese momento conduc\u00eda Oscar Parrilli\u2014 para realizar tareas de inteligencia ilegal sobre la propia fiscal\u00eda que investigaba la muerte de Nisman.<\/p>\n<p>As\u00ed lo confirmaron numerosos agentes de la AFI que declararon en los \u00faltimos a\u00f1os ante el Ministerio P\u00fablico Fiscal. Tambi\u00e9n se detectaron llamadas a funcionarios pol\u00edticos por parte de la entonces procuradora general de la Naci\u00f3n Alejandra Gils Carb\u00f3. Esto se sum\u00f3 a las 31 comunicaciones que hizo el entonces ministro de Seguridad Sergio Berni a Cristina Kirchner, algunas de ellas desde el departamento de Nisman. La prueba surgi\u00f3 de decenas de pedidos de informes a compa\u00f1\u00edas telef\u00f3nicas cursados en los \u00faltimos a\u00f1os.<\/p>\n<p>La muerte del fiscal<\/p>\n<p>Nisman fue encontrado muerto con un balazo en la cabeza en el ba\u00f1o del departamento que alquilaba en las torres Le Parc, en Puerto Madero, a las 22.32 de la noche del domingo 18 de enero de 2015.<\/p>\n<p>En 2018, la C\u00e1mara Federal de la Ciudad de Buenos Aires aval\u00f3 la hip\u00f3tesis del asesinato y descart\u00f3 el suicidio, en coincidencia con las conclusiones del juez Ercolini y el fiscal Taiano, quienes se basaron en un peritaje multidisciplinario de Gendarmer\u00eda Nacional, entre otras evidencias. Nisman muri\u00f3 entre las 20 del s\u00e1bado 17 y las 10 de la ma\u00f1ana del domingo 18 en su departamento del piso 13 del complejo.<\/p>\n<p>A 11 a\u00f1os, a\u00fan se ignora \u201cla identidad de aquellos que ejecutaron el hecho y de qui\u00e9nes lo ordenaron\u201d. Ese fin de semana, durante casi 13 horas, Nisman no contest\u00f3 mensajes ni realiz\u00f3 llamadas, no levant\u00f3 el diario de su puerta.<\/p>\n<p>El a\u00f1o pasado, en la v\u00edspera del simb\u00f3lico d\u00e9cimo aniversario, el presidente Javier Milei orden\u00f3 desclasificar una nueva tanda de archivos de inteligencia. La mira estuvo puesta en el escenario que se viv\u00eda a finales de 2014 y principios de 2015, con los cambios dispuestos en la AFI por el kirchnerismo. Desde antes de su muerte, el por entonces titular de la UFI AMIA era v\u00edctima de seguimientos ilegales f\u00edsicos y virtuales: en un correo electr\u00f3nico le enviaron un virus \u201ctroyano\u201d que no lleg\u00f3 a activar.<\/p>\n<p>Hasta ahora, un solo procesado<\/p>\n<p>En el expediente central, hasta ahora, el \u00fanico procesado en relaci\u00f3n directa a lo ocurrido es el t\u00e9cnico inform\u00e1tico Diego Lagomarsino, como supuesto part\u00edcipe en su rol de due\u00f1o de la pistola Bersa calibre 22 de la que sali\u00f3 el disparo. Dijo que Nisman lo llam\u00f3 y se la pidi\u00f3 prestada. En el expediente surge que el primer llamado provino de Lagomarsino.<\/p>\n<p>El foco tambi\u00e9n estuvo puesto en los cuatro custodios asignados a Nisman por incumplimiento de deberes porque ese fin de semana -cuando todas las miradas se posaban en el fiscal- se alejaron de la zona de custodia en reiteradas ocasiones, sin explicaciones convincentes y durante horas no supieron nada de \u00e9l, no respond\u00eda los mensajes y no advirtieron a sus superiores lo que ocurr\u00eda.<\/p>\n<p>Por el descontrol y falta de preservaci\u00f3n de prueba en la escena del crimen est\u00e1n imputados Fein, Berni y su ex segundo Dar\u00edo Ruiz, los entonces jefes de la Polic\u00eda Federal, Rom\u00e1n Di Santo, y de la Prefectura, Luis Heiler.<\/p>\n<p>Hay una pregunta que siempre desvelar\u00e1 a los investigadores: \u00bfpor qu\u00e9 no se dio aviso esa noche al fuero federal? Nisman era fiscal, investigaba un atentado terrorista y hab\u00eda denunciado al gobierno de entonces. Pero los agentes de las fuerzas de seguridad en el lugar llamaron a quienes estaban de turno en el fuero en lo criminal ordinario. Durante casi dos a\u00f1os posteriores al deceso, el caso se llev\u00f3 all\u00ed. Finalmente la Corte Suprema de Justicia resolvi\u00f3 el 20 de septiembre de 2016 la competencia definitiva del fuero de excepci\u00f3n, la justicia federal.<\/p>\n<p>Fuente: Infobae<\/p><\/div>\n","protected":false},"excerpt":{"rendered":"<p>Comenzaron a declarar agentes de inteligencia del Ej\u00e9rcito en la investigaci\u00f3n del asesinato del fiscal. Se apunta adem\u00e1s a ex funcionarios judiciales y pol\u00edticos por supuestos intentos de desv\u00edo del caso, para que parezca un suicidio. A 11 a\u00f1os de la muerte de Alberto Nisman, la Justicia refuerza su avance sobre una de las l\u00edneas [&hellip;]<\/p>\n","protected":false},"author":2,"featured_media":5610,"comment_status":"open","ping_status":"open","sticky":false,"template":"","format":"standard","meta":{"footnotes":""},"categories":[68],"tags":[],"class_list":{"0":"post-5609","1":"post","2":"type-post","3":"status-publish","4":"format-standard","5":"has-post-thumbnail","7":"category-policiales-nacionales"},"_links":{"self":[{"href":"https:\/\/elpueblonoticia.com.ar\/web\/wp-json\/wp\/v2\/posts\/5609","targetHints":{"allow":["GET"]}}],"collection":[{"href":"https:\/\/elpueblonoticia.com.ar\/web\/wp-json\/wp\/v2\/posts"}],"about":[{"href":"https:\/\/elpueblonoticia.com.ar\/web\/wp-json\/wp\/v2\/types\/post"}],"author":[{"embeddable":true,"href":"https:\/\/elpueblonoticia.com.ar\/web\/wp-json\/wp\/v2\/users\/2"}],"replies":[{"embeddable":true,"href":"https:\/\/elpueblonoticia.com.ar\/web\/wp-json\/wp\/v2\/comments?post=5609"}],"version-history":[{"count":1,"href":"https:\/\/elpueblonoticia.com.ar\/web\/wp-json\/wp\/v2\/posts\/5609\/revisions"}],"predecessor-version":[{"id":5611,"href":"https:\/\/elpueblonoticia.com.ar\/web\/wp-json\/wp\/v2\/posts\/5609\/revisions\/5611"}],"wp:featuredmedia":[{"embeddable":true,"href":"https:\/\/elpueblonoticia.com.ar\/web\/wp-json\/wp\/v2\/media\/5610"}],"wp:attachment":[{"href":"https:\/\/elpueblonoticia.com.ar\/web\/wp-json\/wp\/v2\/media?parent=5609"}],"wp:term":[{"taxonomy":"category","embeddable":true,"href":"https:\/\/elpueblonoticia.com.ar\/web\/wp-json\/wp\/v2\/categories?post=5609"},{"taxonomy":"post_tag","embeddable":true,"href":"https:\/\/elpueblonoticia.com.ar\/web\/wp-json\/wp\/v2\/tags?post=5609"}],"curies":[{"name":"wp","href":"https:\/\/api.w.org\/{rel}","templated":true}]}}