{"id":5603,"date":"2026-01-19T07:22:18","date_gmt":"2026-01-19T10:22:18","guid":{"rendered":"https:\/\/elpueblonoticia.com.ar\/web\/?p=5603"},"modified":"2026-01-19T07:22:18","modified_gmt":"2026-01-19T10:22:18","slug":"violencia-en-el-barrio-chaquito-un-episodio-con-arma-blanca-conmociona-a-la-comunidad","status":"publish","type":"post","link":"https:\/\/elpueblonoticia.com.ar\/web\/2026\/01\/19\/violencia-en-el-barrio-chaquito-un-episodio-con-arma-blanca-conmociona-a-la-comunidad\/","title":{"rendered":"Violencia en el Barrio Chaquito: Un Episodio con Arma Blanca Conmociona a la Comunidad"},"content":{"rendered":"<p><strong>Policiales<\/strong><\/p>\n<p>19 de Enero de 2026<\/p>\n<div class=\"x14z9mp xat24cr x1lziwak x1vvkbs xtlvy1s x126k92a\">\n<div dir=\"auto\">El hecho se registr\u00f3 en horas de la madrugada del domingo en la localidad correntina de Paso de los Libres.<\/div>\n<div dir=\"auto\"><\/div>\n<\/div>\n<div class=\"x14z9mp xat24cr x1lziwak x1vvkbs xtlvy1s x126k92a\">\n<div dir=\"auto\">La Polic\u00eda de Corrientes inform\u00f3 este domingo que muri\u00f3 un hombre luego de recibir una pu\u00f1alada cuando participada de un altercado en la localidad correntina de Paso de los Libres.<\/div>\n<\/div>\n<div class=\"x14z9mp xat24cr x1lziwak x1vvkbs xtlvy1s x126k92a\">\n<div dir=\"auto\">Seg\u00fan los primeros datos, el episodio se registr\u00f3 en un domicilio ubicado por calle Coronel L\u00f3pez al 1500, donde un hombre de 46 a\u00f1os habr\u00eda mantenido un altercado con otra persona.<\/div>\n<\/div>\n<div class=\"x14z9mp xat24cr x1lziwak x1vvkbs xtlvy1s x126k92a\">\n<div dir=\"auto\">Como consecuencia de la discusi\u00f3n, result\u00f3 con lesiones compatibles con arma blanca.<\/div>\n<\/div>\n<div class=\"x14z9mp xat24cr x1lziwak x1vvkbs xtlvy1s x126k92a\">\n<div dir=\"auto\">Tras el hecho, la v\u00edctima se dirigi\u00f3 por sus propios medios hasta su vivienda situada por calle Madariaga al 1700, donde fue auxiliada por familiares.<\/div>\n<\/div>\n<div class=\"x14z9mp xat24cr x1lziwak x1vvkbs xtlvy1s x126k92a\">\n<div dir=\"auto\">Sin embargo, a los pocos minutos se produjo su deceso en el lugar, situaci\u00f3n que fue constatada por personal de salud que acudi\u00f3 al domicilio.<\/div>\n<\/div>\n<div class=\"x14z9mp xat24cr x1lziwak x1vvkbs xtlvy1s x126k92a\">\n<div dir=\"auto\">Continuando con las tareas investigativas, los efectivos lograron identificar al presunto autor del ataque, un hombre de 32 a\u00f1os, quien fue detenido en la v\u00eda p\u00fablica y trasladado a la dependencia policial correspondiente.<\/div>\n<\/div>\n<div class=\"x14z9mp xat24cr x1lziwak x1vvkbs xtlvy1s x126k92a\">\n<div dir=\"auto\">El detenido qued\u00f3 a disposici\u00f3n de la Justicia, mientras se avanzan con las diligencias para esclarecer completamente las circunstancias en las que ocurri\u00f3 el hecho.<\/div>\n<\/div>\n","protected":false},"excerpt":{"rendered":"<p>Policiales 19 de Enero de 2026 El hecho se registr\u00f3 en horas de la madrugada del domingo en la localidad correntina de Paso de los Libres. La Polic\u00eda de Corrientes inform\u00f3 este domingo que muri\u00f3 un hombre luego de recibir una pu\u00f1alada cuando participada de un altercado en la localidad correntina de Paso de los [&hellip;]<\/p>\n","protected":false},"author":2,"featured_media":5604,"comment_status":"open","ping_status":"open","sticky":false,"template":"","format":"standard","meta":{"footnotes":""},"categories":[77],"tags":[],"class_list":{"0":"post-5603","1":"post","2":"type-post","3":"status-publish","4":"format-standard","5":"has-post-thumbnail","7":"category-paso-de-los-libres"},"_links":{"self":[{"href":"https:\/\/elpueblonoticia.com.ar\/web\/wp-json\/wp\/v2\/posts\/5603","targetHints":{"allow":["GET"]}}],"collection":[{"href":"https:\/\/elpueblonoticia.com.ar\/web\/wp-json\/wp\/v2\/posts"}],"about":[{"href":"https:\/\/elpueblonoticia.com.ar\/web\/wp-json\/wp\/v2\/types\/post"}],"author":[{"embeddable":true,"href":"https:\/\/elpueblonoticia.com.ar\/web\/wp-json\/wp\/v2\/users\/2"}],"replies":[{"embeddable":true,"href":"https:\/\/elpueblonoticia.com.ar\/web\/wp-json\/wp\/v2\/comments?post=5603"}],"version-history":[{"count":1,"href":"https:\/\/elpueblonoticia.com.ar\/web\/wp-json\/wp\/v2\/posts\/5603\/revisions"}],"predecessor-version":[{"id":5605,"href":"https:\/\/elpueblonoticia.com.ar\/web\/wp-json\/wp\/v2\/posts\/5603\/revisions\/5605"}],"wp:featuredmedia":[{"embeddable":true,"href":"https:\/\/elpueblonoticia.com.ar\/web\/wp-json\/wp\/v2\/media\/5604"}],"wp:attachment":[{"href":"https:\/\/elpueblonoticia.com.ar\/web\/wp-json\/wp\/v2\/media?parent=5603"}],"wp:term":[{"taxonomy":"category","embeddable":true,"href":"https:\/\/elpueblonoticia.com.ar\/web\/wp-json\/wp\/v2\/categories?post=5603"},{"taxonomy":"post_tag","embeddable":true,"href":"https:\/\/elpueblonoticia.com.ar\/web\/wp-json\/wp\/v2\/tags?post=5603"}],"curies":[{"name":"wp","href":"https:\/\/api.w.org\/{rel}","templated":true}]}}