{"id":5600,"date":"2026-01-19T07:12:42","date_gmt":"2026-01-19T10:12:42","guid":{"rendered":"https:\/\/elpueblonoticia.com.ar\/web\/?p=5600"},"modified":"2026-01-19T07:12:42","modified_gmt":"2026-01-19T10:12:42","slug":"dos-personas-demoradas-por-ingresar-de-manera-irregular-a-un-inmueble-en-paso-de-los-libres-policiales","status":"publish","type":"post","link":"https:\/\/elpueblonoticia.com.ar\/web\/2026\/01\/19\/dos-personas-demoradas-por-ingresar-de-manera-irregular-a-un-inmueble-en-paso-de-los-libres-policiales\/","title":{"rendered":"Dos Personas Demoradas por Ingresar de Manera Irregular a un Inmueble en Paso de los Libres Policiales."},"content":{"rendered":"<p><strong>Policiales<\/strong><\/p>\n<p>19 de Enero de 2026<\/p>\n<div class=\"x14z9mp xat24cr x1lziwak x1vvkbs xtlvy1s x126k92a\">\n<div dir=\"auto\">Efectivos de la Comisar\u00eda de Distrito Primera de Paso de los Libres demoraron a dos personas que ingresaron de manera irregular a un inmueble ubicado en la intersecci\u00f3n de avenida Jorge Newbery y calle Santa Rita.<\/div>\n<div dir=\"auto\"><\/div>\n<\/div>\n<div class=\"x14z9mp xat24cr x1lziwak x1vvkbs xtlvy1s x126k92a\">\n<div dir=\"auto\">El procedimiento se llev\u00f3 a cabo alrededor de las 17 horas del s\u00e1bado 17 de enero, luego de que la polic\u00eda fuera alertada sobre la situaci\u00f3n. Al llegar al lugar, los uniformados observaron a dos hombres saliendo de un sal\u00f3n de eventos, quienes intentaron darse a la fuga al advertir la presencia policial.<\/div>\n<div dir=\"auto\"><\/div>\n<\/div>\n<div class=\"x14z9mp xat24cr x1lziwak x1vvkbs xtlvy1s x126k92a\">\n<div dir=\"auto\">Los efectivos lograron interceptarlos e identificarlos, trat\u00e1ndose de dos hombres de 30 y 35 a\u00f1os de edad. Durante la requisa, se secuestr\u00f3 una mochila que conten\u00eda un mazo con mango de hierro, elemento que fue incorporado a la causa.<\/div>\n<div dir=\"auto\"><\/div>\n<\/div>\n<div class=\"x14z9mp xat24cr x1lziwak x1vvkbs xtlvy1s x126k92a\">\n<div dir=\"auto\">Los demorados, junto con lo secuestrado, fueron puestos a disposici\u00f3n de la autoridad judicial interviniente y trasladados a la dependencia policial, donde se contin\u00faan las actuaciones correspondientes.<\/div>\n<\/div>\n","protected":false},"excerpt":{"rendered":"<p>Policiales 19 de Enero de 2026 Efectivos de la Comisar\u00eda de Distrito Primera de Paso de los Libres demoraron a dos personas que ingresaron de manera irregular a un inmueble ubicado en la intersecci\u00f3n de avenida Jorge Newbery y calle Santa Rita. El procedimiento se llev\u00f3 a cabo alrededor de las 17 horas del s\u00e1bado [&hellip;]<\/p>\n","protected":false},"author":2,"featured_media":5601,"comment_status":"open","ping_status":"open","sticky":false,"template":"","format":"standard","meta":{"footnotes":""},"categories":[77],"tags":[],"class_list":{"0":"post-5600","1":"post","2":"type-post","3":"status-publish","4":"format-standard","5":"has-post-thumbnail","7":"category-paso-de-los-libres"},"_links":{"self":[{"href":"https:\/\/elpueblonoticia.com.ar\/web\/wp-json\/wp\/v2\/posts\/5600","targetHints":{"allow":["GET"]}}],"collection":[{"href":"https:\/\/elpueblonoticia.com.ar\/web\/wp-json\/wp\/v2\/posts"}],"about":[{"href":"https:\/\/elpueblonoticia.com.ar\/web\/wp-json\/wp\/v2\/types\/post"}],"author":[{"embeddable":true,"href":"https:\/\/elpueblonoticia.com.ar\/web\/wp-json\/wp\/v2\/users\/2"}],"replies":[{"embeddable":true,"href":"https:\/\/elpueblonoticia.com.ar\/web\/wp-json\/wp\/v2\/comments?post=5600"}],"version-history":[{"count":1,"href":"https:\/\/elpueblonoticia.com.ar\/web\/wp-json\/wp\/v2\/posts\/5600\/revisions"}],"predecessor-version":[{"id":5602,"href":"https:\/\/elpueblonoticia.com.ar\/web\/wp-json\/wp\/v2\/posts\/5600\/revisions\/5602"}],"wp:featuredmedia":[{"embeddable":true,"href":"https:\/\/elpueblonoticia.com.ar\/web\/wp-json\/wp\/v2\/media\/5601"}],"wp:attachment":[{"href":"https:\/\/elpueblonoticia.com.ar\/web\/wp-json\/wp\/v2\/media?parent=5600"}],"wp:term":[{"taxonomy":"category","embeddable":true,"href":"https:\/\/elpueblonoticia.com.ar\/web\/wp-json\/wp\/v2\/categories?post=5600"},{"taxonomy":"post_tag","embeddable":true,"href":"https:\/\/elpueblonoticia.com.ar\/web\/wp-json\/wp\/v2\/tags?post=5600"}],"curies":[{"name":"wp","href":"https:\/\/api.w.org\/{rel}","templated":true}]}}