{"id":5597,"date":"2026-01-18T01:16:19","date_gmt":"2026-01-18T04:16:19","guid":{"rendered":"https:\/\/elpueblonoticia.com.ar\/web\/?p=5597"},"modified":"2026-01-18T01:16:19","modified_gmt":"2026-01-18T04:16:19","slug":"concejal-de-la-cruz-fue-imputada-como-miembro-de-la-banda-de-cuatreros","status":"publish","type":"post","link":"https:\/\/elpueblonoticia.com.ar\/web\/2026\/01\/18\/concejal-de-la-cruz-fue-imputada-como-miembro-de-la-banda-de-cuatreros\/","title":{"rendered":"Concejal de La Cruz fue imputada como miembro de la banda de cuatreros"},"content":{"rendered":"<p><strong>Policiales<\/strong><\/p>\n<p>18 de Enero de 2026<\/p>\n<p>La edil y otra mujer son las nuevas implicadas de la organizaci\u00f3n por la cual hay tres detenidos y un pr\u00f3fugo.<\/p>\n<p>Una <strong>concejal\u00a0<\/strong>de la localidad de<strong>\u00a0La Cruz\u00a0<\/strong>tambi\u00e9n qued\u00f3 en el ojo de la Justicia al<strong>\u00a0ser imputada\u00a0<\/strong>en el marco de la\u00a0<strong>investigaci\u00f3n por abigeato\u00a0<\/strong>que se lleva a cabo desde hace 12 d\u00edas y que hasta el momento arroj\u00f3 tres detenciones.<\/p>\n<p>Tambi\u00e9n la mujer de un hombre que permanece en calidad de pr\u00f3fugo de la Justicia, fue imputada por la fiscal de Paso de los Libres, Daniela Di Tomaso. La\u00a0<strong>causa\u00a0<\/strong>inici\u00f3 el 5 de enero cuando frenaron el avance de un cami\u00f3n Mercedes Benz 1114 con 20 vacunos en situaci\u00f3n irregular sobre la Ruta Provincial N\u00ba 114, y calle vecinal del Paraje Rinc\u00f3n Po\u00ed.<\/p>\n<p>Como primera medida, se dispuso la aprehensi\u00f3n del chofer\u00a0<strong>Eulogio Manuel Monz\u00f3n\u00a0<\/strong>y el acompa\u00f1ante Carlos Alberto Meneses.<br \/>\nFue el inicio de una mega causa que est\u00e1 en pleno proceso investigativo.<\/p>\n<article class=\"articulo\" data-id=\"696c12e3e541cf00145fe057\">\n<div class=\"articulo__container\">\n<div class=\"articulo__body\">\n<div class=\"articulo__cuerpo\">\n<p>En cuesti\u00f3n de horas, desde la Jefatura de Polic\u00eda se envi\u00f3 decenas de hombres que se instalaron en puntos claves para encargarse de la custodia de cinco campos, vinculados con Meneses con la finalidad de frenar cualquier intento de mover hacienda.<\/p>\n<div class=\"container-spot\" data-tipo=\"tipo_todo\" data-pos=\"NEW_P3_cuerpo\"><\/div>\n<p>Es que<strong>\u00a0desde hace m\u00e1s de dos meses segu\u00edan los rastros de la banda\u00a0<\/strong>y hab\u00eda llegado el momento de intervenir. Fueron a terreno polic\u00edas rurales de Gobernador Virasoro, Alvear, Desiderio Sosa y de la Capital correntina. Llamativamente, el fiscal en turno de Paso de los Libres desoy\u00f3 las sugerencias de los efectivos. Los uniformados aguantaron las altas temperaturas y alima\u00f1as del terreno en sus puestos.<\/p>\n<p>Pas\u00f3 todo el d\u00eda martes 6 de enero sin novedad y la Fiscal\u00eda General el d\u00eda mi\u00e9rcoles 7 emiti\u00f3 la Resoluci\u00f3n N\u00b01 en la cual exig\u00eda respuestas al pedir \u201cdinamizar las investigaciones sobre abigeato\u201d.<\/p>\n<div class=\"container-spot\" data-tipo=\"tipo_todo\" data-pos=\"NEW_P4_cuerpo\"><\/div>\n<p>De los cinco campos sospechados, la Justicia dispuso avanzar sobre dos, al librar sendos allanamientos. Secuestraron en total\u00a0<strong>81 vacunos de dudosa procedencia.<\/strong>\u00a0Lleg\u00f3 un cambio de turno en la Fiscal\u00eda de Paso de los Libres, m\u00e1s el arribo del Gobernador, dispararon las acciones.<\/p>\n<p>Se sumaron m\u00e1s allanamientos donde se inspeccionaron al menos ocho establecimientos, donde secuestraron<strong>\u00a0257 cabezas de ganado\u00a0<\/strong>en situaci\u00f3n irregular. Se\u00a0hall\u00f3 un<strong>\u00a0matadero ilegal,\u00a0<\/strong>documentaciones de sumo inter\u00e9s y tel\u00e9fonos cuyos contenidos podr\u00edan arrojar inesperadas conexiones.<\/p>\n<div class=\"container-spot\" data-tipo=\"tipo_todo\" data-pos=\"NEW_P5_cuerpo\"><\/div>\n<p>La esposa de Meneses, una concejal de La Cruz fue imputada por la Justicia y es investigada como parte de la organizaci\u00f3n despu\u00e9s de que intent\u00f3 hacer\u00a0<strong>desaparecer evidencia.\u00a0<\/strong><\/p>\n<h3 class=\"subtitulo_en_cuerpo\">Desvio<\/h3>\n<p>Seg\u00fan informaron, mientras la Polic\u00eda esperaba para allanar una propiedad donde detectaron -bien camuflado- el matadero clandestino, la edil habr\u00eda vendido a las apuradas el cami\u00f3n t\u00e9rmico Foton Aumark a un pastor evang\u00e9lico. Los investigadores aseguran que el veh\u00edculo era usado para el\u00a0<strong>traslado de la carne obtenida de manera il\u00edcita.<\/strong><\/p>\n<div class=\"container-spot\" data-tipo=\"tipo_todo\" data-pos=\"NEW_P6_cuerpo\"><\/div>\n<p>Si bien la edil qued\u00f3 imputada, se dispuso que permanezca en\u00a0<strong>libertad<\/strong>.<\/p>\n<p>La otra mujer comprometida con la causa es la\u00a0<strong>esposa de Manuel Galeano<\/strong>, hombre que a\u00fan est\u00e1\u00a0<strong>pr\u00f3fugo<\/strong>.<\/p>\n<div class=\"container-spot\" data-tipo=\"tipo_todo\" data-pos=\"NEW_P7_cuerpo\"><\/div>\n<p>Cabe se\u00f1alar que el tercer y \u00faltimo detenido que arroj\u00f3 la causa fu<strong>e Wesfalio Yoel Leiva\u00a0<\/strong>propietario del establecimiento La Cruce\u00f1a del Paraje Estingana, donde hallaron 37 vacunos m\u00e1s, de origen dudoso.<\/p>\n<\/div>\n<\/div>\n<\/div>\n<\/article>\n","protected":false},"excerpt":{"rendered":"<p>Policiales 18 de Enero de 2026 La edil y otra mujer son las nuevas implicadas de la organizaci\u00f3n por la cual hay tres detenidos y un pr\u00f3fugo. Una concejal\u00a0de la localidad de\u00a0La Cruz\u00a0tambi\u00e9n qued\u00f3 en el ojo de la Justicia al\u00a0ser imputada\u00a0en el marco de la\u00a0investigaci\u00f3n por abigeato\u00a0que se lleva a cabo desde hace 12 [&hellip;]<\/p>\n","protected":false},"author":2,"featured_media":5598,"comment_status":"open","ping_status":"open","sticky":false,"template":"","format":"standard","meta":{"footnotes":""},"categories":[68],"tags":[],"class_list":{"0":"post-5597","1":"post","2":"type-post","3":"status-publish","4":"format-standard","5":"has-post-thumbnail","7":"category-policiales-nacionales"},"_links":{"self":[{"href":"https:\/\/elpueblonoticia.com.ar\/web\/wp-json\/wp\/v2\/posts\/5597","targetHints":{"allow":["GET"]}}],"collection":[{"href":"https:\/\/elpueblonoticia.com.ar\/web\/wp-json\/wp\/v2\/posts"}],"about":[{"href":"https:\/\/elpueblonoticia.com.ar\/web\/wp-json\/wp\/v2\/types\/post"}],"author":[{"embeddable":true,"href":"https:\/\/elpueblonoticia.com.ar\/web\/wp-json\/wp\/v2\/users\/2"}],"replies":[{"embeddable":true,"href":"https:\/\/elpueblonoticia.com.ar\/web\/wp-json\/wp\/v2\/comments?post=5597"}],"version-history":[{"count":1,"href":"https:\/\/elpueblonoticia.com.ar\/web\/wp-json\/wp\/v2\/posts\/5597\/revisions"}],"predecessor-version":[{"id":5599,"href":"https:\/\/elpueblonoticia.com.ar\/web\/wp-json\/wp\/v2\/posts\/5597\/revisions\/5599"}],"wp:featuredmedia":[{"embeddable":true,"href":"https:\/\/elpueblonoticia.com.ar\/web\/wp-json\/wp\/v2\/media\/5598"}],"wp:attachment":[{"href":"https:\/\/elpueblonoticia.com.ar\/web\/wp-json\/wp\/v2\/media?parent=5597"}],"wp:term":[{"taxonomy":"category","embeddable":true,"href":"https:\/\/elpueblonoticia.com.ar\/web\/wp-json\/wp\/v2\/categories?post=5597"},{"taxonomy":"post_tag","embeddable":true,"href":"https:\/\/elpueblonoticia.com.ar\/web\/wp-json\/wp\/v2\/tags?post=5597"}],"curies":[{"name":"wp","href":"https:\/\/api.w.org\/{rel}","templated":true}]}}