{"id":5588,"date":"2026-01-16T19:38:30","date_gmt":"2026-01-16T22:38:30","guid":{"rendered":"https:\/\/elpueblonoticia.com.ar\/web\/?p=5588"},"modified":"2026-01-16T19:38:30","modified_gmt":"2026-01-16T22:38:30","slug":"el-beach-voley-inicia-su-temporada","status":"publish","type":"post","link":"https:\/\/elpueblonoticia.com.ar\/web\/2026\/01\/16\/el-beach-voley-inicia-su-temporada\/","title":{"rendered":"EL BEACH VOLEY INICIA SU TEMPORADA"},"content":{"rendered":"<p><img loading=\"lazy\" decoding=\"async\" class=\"alignnone size-medium wp-image-5591\" src=\"https:\/\/elpueblonoticia.com.ar\/web\/wp-content\/uploads\/2026\/01\/Voley-Playa-Flyr-3-Fixture-segunda-jornada-168x300.jpg\" alt=\"\" width=\"168\" height=\"300\" srcset=\"https:\/\/elpueblonoticia.com.ar\/web\/wp-content\/uploads\/2026\/01\/Voley-Playa-Flyr-3-Fixture-segunda-jornada-168x300.jpg 168w, https:\/\/elpueblonoticia.com.ar\/web\/wp-content\/uploads\/2026\/01\/Voley-Playa-Flyr-3-Fixture-segunda-jornada-573x1024.jpg 573w, https:\/\/elpueblonoticia.com.ar\/web\/wp-content\/uploads\/2026\/01\/Voley-Playa-Flyr-3-Fixture-segunda-jornada-235x420.jpg 235w, https:\/\/elpueblonoticia.com.ar\/web\/wp-content\/uploads\/2026\/01\/Voley-Playa-Flyr-3-Fixture-segunda-jornada-696x1243.jpg 696w, https:\/\/elpueblonoticia.com.ar\/web\/wp-content\/uploads\/2026\/01\/Voley-Playa-Flyr-3-Fixture-segunda-jornada.jpg 720w\" sizes=\"auto, (max-width: 168px) 100vw, 168px\" \/> <img loading=\"lazy\" decoding=\"async\" class=\"alignnone size-medium wp-image-5592\" src=\"https:\/\/elpueblonoticia.com.ar\/web\/wp-content\/uploads\/2026\/01\/Voley-Playa-Flyr-4-Fixture-tercera-jornada-168x300.jpg\" alt=\"\" width=\"168\" height=\"300\" srcset=\"https:\/\/elpueblonoticia.com.ar\/web\/wp-content\/uploads\/2026\/01\/Voley-Playa-Flyr-4-Fixture-tercera-jornada-168x300.jpg 168w, https:\/\/elpueblonoticia.com.ar\/web\/wp-content\/uploads\/2026\/01\/Voley-Playa-Flyr-4-Fixture-tercera-jornada-573x1024.jpg 573w, https:\/\/elpueblonoticia.com.ar\/web\/wp-content\/uploads\/2026\/01\/Voley-Playa-Flyr-4-Fixture-tercera-jornada-235x420.jpg 235w, https:\/\/elpueblonoticia.com.ar\/web\/wp-content\/uploads\/2026\/01\/Voley-Playa-Flyr-4-Fixture-tercera-jornada-696x1243.jpg 696w, https:\/\/elpueblonoticia.com.ar\/web\/wp-content\/uploads\/2026\/01\/Voley-Playa-Flyr-4-Fixture-tercera-jornada.jpg 720w\" sizes=\"auto, (max-width: 168px) 100vw, 168px\" \/> <img loading=\"lazy\" decoding=\"async\" class=\"alignnone size-medium wp-image-5593\" src=\"https:\/\/elpueblonoticia.com.ar\/web\/wp-content\/uploads\/2026\/01\/Voley-Playa-Flyr-1-1-169x300.jpg\" alt=\"\" width=\"169\" height=\"300\" srcset=\"https:\/\/elpueblonoticia.com.ar\/web\/wp-content\/uploads\/2026\/01\/Voley-Playa-Flyr-1-1-169x300.jpg 169w, https:\/\/elpueblonoticia.com.ar\/web\/wp-content\/uploads\/2026\/01\/Voley-Playa-Flyr-1-1-576x1024.jpg 576w, https:\/\/elpueblonoticia.com.ar\/web\/wp-content\/uploads\/2026\/01\/Voley-Playa-Flyr-1-1-236x420.jpg 236w, https:\/\/elpueblonoticia.com.ar\/web\/wp-content\/uploads\/2026\/01\/Voley-Playa-Flyr-1-1-696x1237.jpg 696w, https:\/\/elpueblonoticia.com.ar\/web\/wp-content\/uploads\/2026\/01\/Voley-Playa-Flyr-1-1.jpg 720w\" sizes=\"auto, (max-width: 169px) 100vw, 169px\" \/><\/p>\n<p class=\"x_MsoNormal\"><span data-olk-copy-source=\"MessageBody\">Desde este viernes 17 se pone en juego el Campeonato de V\u00f3ley Playa en la Costanera Norte.<\/span><\/p>\n<p class=\"x_MsoNormal\">Con la participaci\u00f3n de 57 duplas, el viernes desde las 19 y 30 horas se pondr\u00e1 en juego la Copa Ciudad en las diferentes categor\u00edas de esta disciplina deportiva, la fecha continuar\u00e1 los d\u00edas s\u00e1bado 17 y domingo 18 en el escenario junto a la vera del Riacho Goya, en Playa El Inga.<\/p>\n<p class=\"x_MsoNormal\">\n<p class=\"x_MsoNormal\">PROGRAMA DE PARTIDOS<\/p>\n<p class=\"x_MsoNormal\">Viernes 17:<\/p>\n<p class=\"x_MsoNormal\">Sub 17 Femenino<\/p>\n<p class=\"x_MsoNormal\">\n<p class=\"x_MsoNormal\">19 y 30 horas: Romero-M\u00e1rquez vs \u201cLa Chispa\u201d<\/p>\n<p class=\"x_MsoNormal\">20 y 10 horas: \u201cNekoma\u201d vs Insaurralde-Avalos<\/p>\n<p class=\"x_MsoNormal\">\n<p class=\"x_MsoNormal\">Mixto<\/p>\n<p class=\"x_MsoNormal\">\n<p class=\"x_MsoNormal\">20 y 50 horas: \u201cTrasition\u201d vs Enrique-Segovia<\/p>\n<p class=\"x_MsoNormal\">21 y 30 horas: \u201cG\u00e9nesis 16\u201d vs AGDA<\/p>\n<p class=\"x_MsoNormal\">\n<p class=\"x_MsoNormal\">Masculino<\/p>\n<p class=\"x_MsoNormal\">22 y 10 horas: \u201cZacane \u201cvs \u201cLa Acecineta\u201d<\/p>\n<p class=\"x_MsoNormal\">22 y 50 horas: \u201cLa Duplinha\u201d vs Central Goya este partido cierra la primera jornada deportiva en la Playita.<\/p>\n<p class=\"x_MsoNormal\">\n<p class=\"x_MsoNormal\">La continuidad del certamen de Beach V\u00f3ley, est\u00e1 programada para los d\u00edas s\u00e1bado 17 y domingo 18 desde las 19 horas, siempre en Playa el Inga, para estos d\u00edas la organizaci\u00f3n dispuso la utilizaci\u00f3n de las dos canchas para el juego del v\u00f3ley playa.<\/p>\n<p class=\"x_MsoNormal\">El campeonato cuenta con el auspicio de la Municipalidad de Goya, a trav\u00e9s de la Direcci\u00f3n de Deportes, se invita a todos aquellos que tengan inter\u00e9s en presenciar estos partidos, recordando que el acceso es libre y gratuito.<\/p>\n","protected":false},"excerpt":{"rendered":"<p>Desde este viernes 17 se pone en juego el Campeonato de V\u00f3ley Playa en la Costanera Norte. Con la participaci\u00f3n de 57 duplas, el viernes desde las 19 y 30 horas se pondr\u00e1 en juego la Copa Ciudad en las diferentes categor\u00edas de esta disciplina deportiva, la fecha continuar\u00e1 los d\u00edas s\u00e1bado 17 y domingo [&hellip;]<\/p>\n","protected":false},"author":2,"featured_media":5590,"comment_status":"open","ping_status":"open","sticky":false,"template":"","format":"standard","meta":{"footnotes":""},"categories":[76],"tags":[],"class_list":{"0":"post-5588","1":"post","2":"type-post","3":"status-publish","4":"format-standard","5":"has-post-thumbnail","7":"category-deportes"},"_links":{"self":[{"href":"https:\/\/elpueblonoticia.com.ar\/web\/wp-json\/wp\/v2\/posts\/5588","targetHints":{"allow":["GET"]}}],"collection":[{"href":"https:\/\/elpueblonoticia.com.ar\/web\/wp-json\/wp\/v2\/posts"}],"about":[{"href":"https:\/\/elpueblonoticia.com.ar\/web\/wp-json\/wp\/v2\/types\/post"}],"author":[{"embeddable":true,"href":"https:\/\/elpueblonoticia.com.ar\/web\/wp-json\/wp\/v2\/users\/2"}],"replies":[{"embeddable":true,"href":"https:\/\/elpueblonoticia.com.ar\/web\/wp-json\/wp\/v2\/comments?post=5588"}],"version-history":[{"count":1,"href":"https:\/\/elpueblonoticia.com.ar\/web\/wp-json\/wp\/v2\/posts\/5588\/revisions"}],"predecessor-version":[{"id":5594,"href":"https:\/\/elpueblonoticia.com.ar\/web\/wp-json\/wp\/v2\/posts\/5588\/revisions\/5594"}],"wp:featuredmedia":[{"embeddable":true,"href":"https:\/\/elpueblonoticia.com.ar\/web\/wp-json\/wp\/v2\/media\/5590"}],"wp:attachment":[{"href":"https:\/\/elpueblonoticia.com.ar\/web\/wp-json\/wp\/v2\/media?parent=5588"}],"wp:term":[{"taxonomy":"category","embeddable":true,"href":"https:\/\/elpueblonoticia.com.ar\/web\/wp-json\/wp\/v2\/categories?post=5588"},{"taxonomy":"post_tag","embeddable":true,"href":"https:\/\/elpueblonoticia.com.ar\/web\/wp-json\/wp\/v2\/tags?post=5588"}],"curies":[{"name":"wp","href":"https:\/\/api.w.org\/{rel}","templated":true}]}}