{"id":5569,"date":"2026-01-15T21:16:11","date_gmt":"2026-01-16T00:16:11","guid":{"rendered":"https:\/\/elpueblonoticia.com.ar\/web\/?p=5569"},"modified":"2026-01-15T21:16:11","modified_gmt":"2026-01-16T00:16:11","slug":"escuela-de-verano-ajedrez-en-vacaciones","status":"publish","type":"post","link":"https:\/\/elpueblonoticia.com.ar\/web\/2026\/01\/15\/escuela-de-verano-ajedrez-en-vacaciones\/","title":{"rendered":"ESCUELA DE VERANO: AJEDREZ EN VACACIONES"},"content":{"rendered":"<p><img loading=\"lazy\" decoding=\"async\" class=\"alignnone size-medium wp-image-5571\" src=\"https:\/\/elpueblonoticia.com.ar\/web\/wp-content\/uploads\/2026\/01\/Escuela-de-Verano-Ajedres-en-Vacaciones-Barrio-Matadero-1-226x300.jpg\" alt=\"\" width=\"226\" height=\"300\" srcset=\"https:\/\/elpueblonoticia.com.ar\/web\/wp-content\/uploads\/2026\/01\/Escuela-de-Verano-Ajedres-en-Vacaciones-Barrio-Matadero-1-226x300.jpg 226w, https:\/\/elpueblonoticia.com.ar\/web\/wp-content\/uploads\/2026\/01\/Escuela-de-Verano-Ajedres-en-Vacaciones-Barrio-Matadero-1-771x1024.jpg 771w, https:\/\/elpueblonoticia.com.ar\/web\/wp-content\/uploads\/2026\/01\/Escuela-de-Verano-Ajedres-en-Vacaciones-Barrio-Matadero-1-768x1021.jpg 768w, https:\/\/elpueblonoticia.com.ar\/web\/wp-content\/uploads\/2026\/01\/Escuela-de-Verano-Ajedres-en-Vacaciones-Barrio-Matadero-1-1156x1536.jpg 1156w, https:\/\/elpueblonoticia.com.ar\/web\/wp-content\/uploads\/2026\/01\/Escuela-de-Verano-Ajedres-en-Vacaciones-Barrio-Matadero-1-316x420.jpg 316w, https:\/\/elpueblonoticia.com.ar\/web\/wp-content\/uploads\/2026\/01\/Escuela-de-Verano-Ajedres-en-Vacaciones-Barrio-Matadero-1-696x925.jpg 696w, https:\/\/elpueblonoticia.com.ar\/web\/wp-content\/uploads\/2026\/01\/Escuela-de-Verano-Ajedres-en-Vacaciones-Barrio-Matadero-1-1068x1419.jpg 1068w, https:\/\/elpueblonoticia.com.ar\/web\/wp-content\/uploads\/2026\/01\/Escuela-de-Verano-Ajedres-en-Vacaciones-Barrio-Matadero-1.jpg 1204w\" sizes=\"auto, (max-width: 226px) 100vw, 226px\" \/> <img loading=\"lazy\" decoding=\"async\" class=\"alignnone size-medium wp-image-5572\" src=\"https:\/\/elpueblonoticia.com.ar\/web\/wp-content\/uploads\/2026\/01\/Escuela-de-Verano-Ajedres-en-Vacaciones-Barrio-Matadero-2-226x300.jpg\" alt=\"\" width=\"226\" height=\"300\" srcset=\"https:\/\/elpueblonoticia.com.ar\/web\/wp-content\/uploads\/2026\/01\/Escuela-de-Verano-Ajedres-en-Vacaciones-Barrio-Matadero-2-226x300.jpg 226w, https:\/\/elpueblonoticia.com.ar\/web\/wp-content\/uploads\/2026\/01\/Escuela-de-Verano-Ajedres-en-Vacaciones-Barrio-Matadero-2-771x1024.jpg 771w, https:\/\/elpueblonoticia.com.ar\/web\/wp-content\/uploads\/2026\/01\/Escuela-de-Verano-Ajedres-en-Vacaciones-Barrio-Matadero-2-768x1021.jpg 768w, https:\/\/elpueblonoticia.com.ar\/web\/wp-content\/uploads\/2026\/01\/Escuela-de-Verano-Ajedres-en-Vacaciones-Barrio-Matadero-2-1156x1536.jpg 1156w, https:\/\/elpueblonoticia.com.ar\/web\/wp-content\/uploads\/2026\/01\/Escuela-de-Verano-Ajedres-en-Vacaciones-Barrio-Matadero-2-316x420.jpg 316w, https:\/\/elpueblonoticia.com.ar\/web\/wp-content\/uploads\/2026\/01\/Escuela-de-Verano-Ajedres-en-Vacaciones-Barrio-Matadero-2-696x925.jpg 696w, https:\/\/elpueblonoticia.com.ar\/web\/wp-content\/uploads\/2026\/01\/Escuela-de-Verano-Ajedres-en-Vacaciones-Barrio-Matadero-2-1068x1419.jpg 1068w, https:\/\/elpueblonoticia.com.ar\/web\/wp-content\/uploads\/2026\/01\/Escuela-de-Verano-Ajedres-en-Vacaciones-Barrio-Matadero-2.jpg 1204w\" sizes=\"auto, (max-width: 226px) 100vw, 226px\" \/><\/p>\n<p class=\"x_MsoNormal\"><span data-olk-copy-source=\"MessageBody\">Gran inter\u00e9s genera la propuesta elaborada desde la Secretaria de Desarrollo Humano, a trav\u00e9s de la Direcci\u00f3n de Fortalecimiento Familiar, de trasladar a las sedes barriales la pr\u00e1ctica y ense\u00f1anza del juego ciencia, ajedrez.<\/span><\/p>\n<p class=\"x_MsoNormal\">Los d\u00edas jueves esta iniciativa se lleva adelante en la sede del Barrio Matadero, en la fecha cerca de 25 ni\u00f1os asistieron al espacio l\u00fadico, adquiriendo las habilidades para la pr\u00e1ctica de este juego, contribuyendo a la estimulaci\u00f3n, a la concentraci\u00f3n y otros beneficios que brinda su ejercicio.<\/p>\n<p class=\"x_MsoNormal\">Adem\u00e1s de la ense\u00f1anza en el marco de la Escuela de Verano, con Ajedrez en Vacaciones, los asistentes al programa al finalizar el juego reciben desde la Municipalidad de Goya un refrigerio, una merienda, alentando al esp\u00edritu de compartir y disfrutar del espacio con sus pares.<\/p>\n","protected":false},"excerpt":{"rendered":"<p>Gran inter\u00e9s genera la propuesta elaborada desde la Secretaria de Desarrollo Humano, a trav\u00e9s de la Direcci\u00f3n de Fortalecimiento Familiar, de trasladar a las sedes barriales la pr\u00e1ctica y ense\u00f1anza del juego ciencia, ajedrez. Los d\u00edas jueves esta iniciativa se lleva adelante en la sede del Barrio Matadero, en la fecha cerca de 25 ni\u00f1os [&hellip;]<\/p>\n","protected":false},"author":2,"featured_media":5570,"comment_status":"open","ping_status":"open","sticky":false,"template":"","format":"standard","meta":{"footnotes":""},"categories":[56],"tags":[],"class_list":{"0":"post-5569","1":"post","2":"type-post","3":"status-publish","4":"format-standard","5":"has-post-thumbnail","7":"category-locales"},"_links":{"self":[{"href":"https:\/\/elpueblonoticia.com.ar\/web\/wp-json\/wp\/v2\/posts\/5569","targetHints":{"allow":["GET"]}}],"collection":[{"href":"https:\/\/elpueblonoticia.com.ar\/web\/wp-json\/wp\/v2\/posts"}],"about":[{"href":"https:\/\/elpueblonoticia.com.ar\/web\/wp-json\/wp\/v2\/types\/post"}],"author":[{"embeddable":true,"href":"https:\/\/elpueblonoticia.com.ar\/web\/wp-json\/wp\/v2\/users\/2"}],"replies":[{"embeddable":true,"href":"https:\/\/elpueblonoticia.com.ar\/web\/wp-json\/wp\/v2\/comments?post=5569"}],"version-history":[{"count":1,"href":"https:\/\/elpueblonoticia.com.ar\/web\/wp-json\/wp\/v2\/posts\/5569\/revisions"}],"predecessor-version":[{"id":5573,"href":"https:\/\/elpueblonoticia.com.ar\/web\/wp-json\/wp\/v2\/posts\/5569\/revisions\/5573"}],"wp:featuredmedia":[{"embeddable":true,"href":"https:\/\/elpueblonoticia.com.ar\/web\/wp-json\/wp\/v2\/media\/5570"}],"wp:attachment":[{"href":"https:\/\/elpueblonoticia.com.ar\/web\/wp-json\/wp\/v2\/media?parent=5569"}],"wp:term":[{"taxonomy":"category","embeddable":true,"href":"https:\/\/elpueblonoticia.com.ar\/web\/wp-json\/wp\/v2\/categories?post=5569"},{"taxonomy":"post_tag","embeddable":true,"href":"https:\/\/elpueblonoticia.com.ar\/web\/wp-json\/wp\/v2\/tags?post=5569"}],"curies":[{"name":"wp","href":"https:\/\/api.w.org\/{rel}","templated":true}]}}