{"id":5557,"date":"2026-01-15T21:04:22","date_gmt":"2026-01-16T00:04:22","guid":{"rendered":"https:\/\/elpueblonoticia.com.ar\/web\/?p=5557"},"modified":"2026-01-15T21:04:22","modified_gmt":"2026-01-16T00:04:22","slug":"aumento-de-diagnosticos-de-autismo-en-el-mundo-los-motivos-detras-del-crecimiento","status":"publish","type":"post","link":"https:\/\/elpueblonoticia.com.ar\/web\/2026\/01\/15\/aumento-de-diagnosticos-de-autismo-en-el-mundo-los-motivos-detras-del-crecimiento\/","title":{"rendered":"Aumento de diagn\u00f3sticos de autismo en el mundo: los motivos detr\u00e1s del crecimiento"},"content":{"rendered":"<div class=\"article-body__subheadline\"><strong>Distintos estudios acercan ideas sobre los motivos que llevan a que haya m\u00e1s personas diagnosticadas con autismo.<\/strong><\/div>\n<p>&nbsp;<\/p>\n<p class=\"article-body__paragraph\">El incremento en\u00a0<strong>los diagn\u00f3sticos de trastorno del espectro autista (TEA)<\/strong>\u00a0en las \u00faltimas d\u00e9cadas es atribuible a distintos factores: una definici\u00f3n m\u00e1s amplia del trastorno, una mayor conciencia social y\u00a0<strong>una detecci\u00f3n m\u00e1s temprana y precisa<\/strong>.<\/p>\n<p class=\"article-body__paragraph\">Expertos enfatizan que, para brindar un apoyo adecuado, es crucial entender la diversidad del\u00a0<strong>espectro<\/strong>, que abarca\u00a0<strong>desde s\u00edntomas leves hasta discapacidades intelectuales profundas<\/strong>. Nuevos estudios gen\u00e9ticos sugieren que, aunque la carga hereditaria es importante,\u00a0<strong>el entorno juega un papel clave en su desarrollo<\/strong>, y la b\u00fasqueda de tratamientos farmacol\u00f3gicos efectivos sigue siendo un desaf\u00edo pendiente.<\/p>\n<h2 class=\"article-body__heading-h2\"><strong>M\u00e1s que una sola patolog\u00eda<\/strong><\/h2>\n<p class=\"article-body__paragraph\">El autismo no es una condici\u00f3n \u00fanica. La definici\u00f3n actual del trastorno del espectro autista abarca\u00a0<strong>una gama muy amplia de s\u00edntomas<\/strong>. En un extremo, se encuentran personas con\u00a0<strong>manifestaciones relativamente leves<\/strong>\u00a0que pueden llevar una vida independiente. En el otro, individuos con\u00a0<strong>discapacidades intelectuales profundas que requieren apoyo y atenci\u00f3n a tiempo completo<\/strong>. Por ello, los especialistas insisten en que \u201chay que dejar de considerar el trastorno como una \u00fanica patolog\u00eda\u201d para poder observar y atender sus diferentes formas de manera efectiva.<\/p>\n<h2 class=\"article-body__heading-h2\"><strong>El peso de la gen\u00e9tica y el entorno<\/strong><\/h2>\n<p class=\"article-body__paragraph\">La ciencia reconoce\u00a0<strong>un componente gen\u00e9tico fuerte en el autismo<\/strong>. Se estima que la mayor\u00eda de los casos se derivan de variantes gen\u00e9ticas comunes en la poblaci\u00f3n, donde cada una aumenta solo ligeramente el riesgo. El problema surge cuando\u00a0<strong>un ni\u00f1o hereda muchas de estas variantes de ambos padres<\/strong>; se cree que cientos de miles de genes podr\u00edan estar implicados.<\/p>\n<p class=\"article-body__paragraph\">Sin embargo, investigaciones recientes, como las publicadas en la revista\u00a0<i>Nature<\/i>\u00a0por la\u00a0<strong>Universidad de Princeton<\/strong>, aseguran que \u201cla gen\u00e9tica nunca ser\u00e1 suficiente para explicar por qu\u00e9 el autismo se desarrolla como lo hace\u201d.\u00a0<strong>El entorno de una persona tambi\u00e9n es importante<\/strong>. Un ejemplo citado es que\u00a0<strong>la mayor edad parental se vincula con una mayor probabilidad de autismo en el hijo<\/strong>, aunque el mecanismo \u00faltimo pueda ser gen\u00e9tico.<\/p>\n<h2 class=\"article-body__heading-h2\"><strong>La b\u00fasqueda de tratamientos efectivos<\/strong><\/h2>\n<p class=\"article-body__paragraph\">Actualmente, ning\u00fan medicamento aprobado\u00a0<strong>modifica los s\u00edntomas centrales del autismo<\/strong>, como los deterioros en la comunicaci\u00f3n o los pensamientos repetitivos. Los cient\u00edficos siguen buscando f\u00e1rmacos que aborden estos n\u00facleos del trastorno.<\/p>\n<p class=\"article-body__paragraph\">Mientras tanto, algunos tratamientos, como\u00a0<strong>la risperidona<\/strong>\u00a0(un antipsic\u00f3tico),\u00a0<strong>pueden ayudar a manejar s\u00edntomas conductuales<\/strong>\u00a0asociados como la irritabilidad, la agresividad y las autolesiones. Esta distinci\u00f3n es crucial: existen apoyos para aspectos espec\u00edficos, pero\u00a0<strong>no una cura o tratamiento integral para el n\u00facleo del TEA<\/strong>.<\/p>\n<p class=\"article-body__paragraph\">El camino para mejorar las intervenciones pasa por una comprensi\u00f3n m\u00e1s profunda de la biolog\u00eda de la enfermedad, lo que implica avanzar tanto en las causas gen\u00e9ticas como en las ambientales. Por eso, resulta fundamental realizar relevamientos m\u00e1s amplios y abarcativos de las personas que lo padecen para lograr un seguimiento detallado que vaya m\u00e1s all\u00e1 de lo puramente gen\u00e9tico y capture la compleja interacci\u00f3n con el entorno en el que viven.<\/p>\n","protected":false},"excerpt":{"rendered":"<p>Distintos estudios acercan ideas sobre los motivos que llevan a que haya m\u00e1s personas diagnosticadas con autismo. &nbsp; El incremento en\u00a0los diagn\u00f3sticos de trastorno del espectro autista (TEA)\u00a0en las \u00faltimas d\u00e9cadas es atribuible a distintos factores: una definici\u00f3n m\u00e1s amplia del trastorno, una mayor conciencia social y\u00a0una detecci\u00f3n m\u00e1s temprana y precisa. Expertos enfatizan que, [&hellip;]<\/p>\n","protected":false},"author":2,"featured_media":5558,"comment_status":"open","ping_status":"open","sticky":false,"template":"","format":"standard","meta":{"footnotes":""},"categories":[78],"tags":[],"class_list":{"0":"post-5557","1":"post","2":"type-post","3":"status-publish","4":"format-standard","5":"has-post-thumbnail","7":"category-generales"},"_links":{"self":[{"href":"https:\/\/elpueblonoticia.com.ar\/web\/wp-json\/wp\/v2\/posts\/5557","targetHints":{"allow":["GET"]}}],"collection":[{"href":"https:\/\/elpueblonoticia.com.ar\/web\/wp-json\/wp\/v2\/posts"}],"about":[{"href":"https:\/\/elpueblonoticia.com.ar\/web\/wp-json\/wp\/v2\/types\/post"}],"author":[{"embeddable":true,"href":"https:\/\/elpueblonoticia.com.ar\/web\/wp-json\/wp\/v2\/users\/2"}],"replies":[{"embeddable":true,"href":"https:\/\/elpueblonoticia.com.ar\/web\/wp-json\/wp\/v2\/comments?post=5557"}],"version-history":[{"count":1,"href":"https:\/\/elpueblonoticia.com.ar\/web\/wp-json\/wp\/v2\/posts\/5557\/revisions"}],"predecessor-version":[{"id":5559,"href":"https:\/\/elpueblonoticia.com.ar\/web\/wp-json\/wp\/v2\/posts\/5557\/revisions\/5559"}],"wp:featuredmedia":[{"embeddable":true,"href":"https:\/\/elpueblonoticia.com.ar\/web\/wp-json\/wp\/v2\/media\/5558"}],"wp:attachment":[{"href":"https:\/\/elpueblonoticia.com.ar\/web\/wp-json\/wp\/v2\/media?parent=5557"}],"wp:term":[{"taxonomy":"category","embeddable":true,"href":"https:\/\/elpueblonoticia.com.ar\/web\/wp-json\/wp\/v2\/categories?post=5557"},{"taxonomy":"post_tag","embeddable":true,"href":"https:\/\/elpueblonoticia.com.ar\/web\/wp-json\/wp\/v2\/tags?post=5557"}],"curies":[{"name":"wp","href":"https:\/\/api.w.org\/{rel}","templated":true}]}}