{"id":5553,"date":"2026-01-15T20:57:38","date_gmt":"2026-01-15T23:57:38","guid":{"rendered":"https:\/\/elpueblonoticia.com.ar\/web\/?p=5553"},"modified":"2026-01-15T20:57:38","modified_gmt":"2026-01-15T23:57:38","slug":"javier-milei-viajara-a-mar-del-plata-a-finales-de-enero-para-participar-del-derecha-fest","status":"publish","type":"post","link":"https:\/\/elpueblonoticia.com.ar\/web\/2026\/01\/15\/javier-milei-viajara-a-mar-del-plata-a-finales-de-enero-para-participar-del-derecha-fest\/","title":{"rendered":"Javier Milei viajar\u00e1 a Mar del Plata a finales de enero para participar del \u201cDerecha Fest\u201d"},"content":{"rendered":"<div id=\"modalIntrotext\">\n<div>NA &#8211; El Presidente anticip\u00f3 su visita a la Costa Atl\u00e1ntica, donde asistir\u00e1 al evento que organiza Nicol\u00e1s M\u00e1rquez.<\/div>\n<\/div>\n<div><\/div>\n<div>Buenos Aires, 15 enero (NA) \u2013 El presidente Javier Milei confirm\u00f3 en la ma\u00f1ana de este jueves que participar\u00e1 de la nueva edici\u00f3n de Derecha Fest, evento que se realizar\u00e1 en la ciudad balnearia de Mar del Plata el pr\u00f3ximo 27 de enero.<\/p>\n<p>Seg\u00fan supo la Agencia Noticias Argentinas, el mandatario tiene previsto viajar a la Costa Atl\u00e1ntica para finales de enero en cumplimiento del cronograma de dos bajas al territorio por mes que planifica La Libertad Avanza (LLA) en el marco de la campa\u00f1a por la reelecci\u00f3n presidencial del 2027.<\/p>\n<p>El evento, que tiene como principal organizador al bi\u00f3grafo del mandatario, Nicol\u00e1s Marquez, y a la Derecha Diario, que dirige el espa\u00f1ol Javier Negre, celebrar\u00e1 su primera edici\u00f3n de este 2026 en Mar del Plata. \u201cEl evento m\u00e1s antizurdo del pa\u00eds desembarca en la costa\u201d, indica la promoci\u00f3n en redes sociales.<\/p>\n<p>A\u00fan sin sede ni modalidad, los libertarios se concentrar\u00e1n en la ciudad costera para un evento que promete exposiciones, m\u00fasica y una feria del libro libertaria.<\/p>\n<p>A trav\u00e9s de su cuenta de X, el mandatario no tard\u00f3 en confirmar asistencia: \u201cNos vemos en Mar del Plata\u201d, sentenci\u00f3.<\/p>\n<p>Es que LLA trabaja desde hace semanas en concretar una nueva visita al interior de la provincia de Buenos Aires que podr\u00eda incluir una recorrida por el centro de Mar del Plata, una actividad que Javier Milei estila protagonizar cada vez que la visita.<\/p>\n<p>Este viernes, el Presidente viajar\u00e1 a C\u00f3rdoba para participar del Festival de Doma y Folklore de Jes\u00fas Mar\u00eda, en la localidad hom\u00f3nima, que tendr\u00e1 como atracci\u00f3n principal al hist\u00f3rico cantautor el Chaque\u00f1o Palavecino.<\/p>\n<p>El fin de semana tiene en agenda un viaje expr\u00e9s a Asunci\u00f3n, en Paraguay, donde asistir\u00e1 a la firma del acuerdo comercial entre el Mercosur y la Uni\u00f3n Europea, y luego emprender\u00e1 la partida a Suiza, para disertar al Foro Econ\u00f3mico de Davos que se celebra del 19 al 23 del mes. #AgenciaNA<\/p><\/div>\n","protected":false},"excerpt":{"rendered":"<p>NA &#8211; El Presidente anticip\u00f3 su visita a la Costa Atl\u00e1ntica, donde asistir\u00e1 al evento que organiza Nicol\u00e1s M\u00e1rquez. Buenos Aires, 15 enero (NA) \u2013 El presidente Javier Milei confirm\u00f3 en la ma\u00f1ana de este jueves que participar\u00e1 de la nueva edici\u00f3n de Derecha Fest, evento que se realizar\u00e1 en la ciudad balnearia de Mar [&hellip;]<\/p>\n","protected":false},"author":2,"featured_media":5554,"comment_status":"open","ping_status":"open","sticky":false,"template":"","format":"standard","meta":{"footnotes":""},"categories":[66],"tags":[],"class_list":{"0":"post-5553","1":"post","2":"type-post","3":"status-publish","4":"format-standard","5":"has-post-thumbnail","7":"category-politica-nacionales"},"_links":{"self":[{"href":"https:\/\/elpueblonoticia.com.ar\/web\/wp-json\/wp\/v2\/posts\/5553","targetHints":{"allow":["GET"]}}],"collection":[{"href":"https:\/\/elpueblonoticia.com.ar\/web\/wp-json\/wp\/v2\/posts"}],"about":[{"href":"https:\/\/elpueblonoticia.com.ar\/web\/wp-json\/wp\/v2\/types\/post"}],"author":[{"embeddable":true,"href":"https:\/\/elpueblonoticia.com.ar\/web\/wp-json\/wp\/v2\/users\/2"}],"replies":[{"embeddable":true,"href":"https:\/\/elpueblonoticia.com.ar\/web\/wp-json\/wp\/v2\/comments?post=5553"}],"version-history":[{"count":1,"href":"https:\/\/elpueblonoticia.com.ar\/web\/wp-json\/wp\/v2\/posts\/5553\/revisions"}],"predecessor-version":[{"id":5555,"href":"https:\/\/elpueblonoticia.com.ar\/web\/wp-json\/wp\/v2\/posts\/5553\/revisions\/5555"}],"wp:featuredmedia":[{"embeddable":true,"href":"https:\/\/elpueblonoticia.com.ar\/web\/wp-json\/wp\/v2\/media\/5554"}],"wp:attachment":[{"href":"https:\/\/elpueblonoticia.com.ar\/web\/wp-json\/wp\/v2\/media?parent=5553"}],"wp:term":[{"taxonomy":"category","embeddable":true,"href":"https:\/\/elpueblonoticia.com.ar\/web\/wp-json\/wp\/v2\/categories?post=5553"},{"taxonomy":"post_tag","embeddable":true,"href":"https:\/\/elpueblonoticia.com.ar\/web\/wp-json\/wp\/v2\/tags?post=5553"}],"curies":[{"name":"wp","href":"https:\/\/api.w.org\/{rel}","templated":true}]}}