{"id":5549,"date":"2026-01-15T20:51:01","date_gmt":"2026-01-15T23:51:01","guid":{"rendered":"https:\/\/elpueblonoticia.com.ar\/web\/?p=5549"},"modified":"2026-01-15T20:51:01","modified_gmt":"2026-01-15T23:51:01","slug":"lourdes-sanchez-se-defiende-de-las-criticas-por-ausencias-en-la-fiesta-del-chamame-no-se-puede-conformar-a-todo-el-mundo","status":"publish","type":"post","link":"https:\/\/elpueblonoticia.com.ar\/web\/2026\/01\/15\/lourdes-sanchez-se-defiende-de-las-criticas-por-ausencias-en-la-fiesta-del-chamame-no-se-puede-conformar-a-todo-el-mundo\/","title":{"rendered":"Lourdes S\u00e1nchez se defiende de las cr\u00edticas por ausencias en la Fiesta del Chamam\u00e9: &#8220;No se puede conformar a todo el mundo&#8221;"},"content":{"rendered":"<div class=\"article__headline\"><strong>Tras las declaraciones de &#8220;Los Hijos de los Barrios&#8221; por la &#8220;desprolijidad&#8221; en las contrataciones, la presidenta del Instituto de Cultura asegur\u00f3 que la ausencia se debe a la falta de un acuerdo econ\u00f3mico.<\/strong><\/div>\n<p>&nbsp;<\/p>\n<p>El clima de previa de la\u00a0<strong>Fiesta Nacional del Chamam\u00e9<\/strong>, que inicia este viernes, se vio sacudido por una fuerte controversia. Luego de que grupos hist\u00f3ricos denunciaran irregularidades y falta de respeto en el proceso de convocatoria, la presidenta del Instituto de Cultura,\u00a0<strong>Lourdes S\u00e1nchez<\/strong>, sali\u00f3 al cruce de las versiones y atribuy\u00f3 las ausencias estrictamente a cuestiones financieras.<\/p>\n<p>Uno de los reclamos m\u00e1s resonantes fue el de\u00a0<strong>Los Hijos de los Barrios<\/strong>, quienes por primera vez no formar\u00e1n parte de la grilla oficial. Los m\u00fasicos expresaron su descontento a trav\u00e9s de las redes sociales, donde describieron un proceso de negociaci\u00f3n ca\u00f3tico: &#8220;Nos hablaron tres personas diferentes; es como si el \u00faltimo no se hubiera comunicado con los dos anteriores. Fue muy desprolijo&#8221;, se\u00f1alaron los artistas.<\/p>\n<h2><strong>Idas, vueltas y &#8220;desprolijidades&#8221;<\/strong><\/h2>\n<p>Seg\u00fan el relato de los m\u00fasicos, la organizaci\u00f3n les solicit\u00f3 inicialmente incluir invitados de la movida tropical de Chaco y, posteriormente, de Santa Fe. Sin embargo, tras avanzar en las gestiones, las conversaciones volvieron a foja cero. &#8220;Esto es una falta de respeto. Las gestiones son temporales, los artistas somos eternos&#8221;, sentenciaron, aunque intentaron deslindar al Gobierno provincial de la figura de la productora encargada de las contrataciones.<\/p>\n<p>La respuesta de\u00a0<strong>Lourdes S\u00e1nchez<\/strong>\u00a0no tard\u00f3 en llegar. La funcionaria reconoci\u00f3 que &#8220;es muy dif\u00edcil conformar a todo el mundo&#8221; y que su gesti\u00f3n trabaja para el disfrute del p\u00fablico y el turista, pero remarc\u00f3 los l\u00edmites de la billetera oficial.<\/p>\n<p>&#8220;Entiendo que hay muchos artistas y solistas que este a\u00f1o han quedado afuera, pero estamos acotados a un presupuesto&#8221;, explic\u00f3.<\/p>\n<h2><strong>El factor econ\u00f3mico<\/strong><\/h2>\n<p>S\u00e1nchez fue categ\u00f3rica respecto al caso puntual del emblem\u00e1tico grupo chamamecero: &#8220;Es un grupo muy fuerte, pero no est\u00e1n porque\u00a0<strong>no llegamos a un acuerdo econ\u00f3mico<\/strong>, simplemente&#8221;. Con estas palabras, la titular de Cultura busc\u00f3 cerrar la discusi\u00f3n sobre las supuestas fallas en la comunicaci\u00f3n, reduciendo el conflicto a una diferencia de pretensiones salariales en un contexto de austeridad.<\/p>\n<p>A pesar de la pol\u00e9mica, la organizaci\u00f3n ultima los detalles para la gran apertura en el anfiteatro Cocomarola, mientras el ambiente art\u00edstico local sigue de cerca c\u00f3mo impactar\u00e1 este nuevo esquema de contrataciones en la identidad de la\u00a0<strong>Fiesta Nacional del Chamam\u00e9<\/strong>.<\/p>\n","protected":false},"excerpt":{"rendered":"<p>Tras las declaraciones de &#8220;Los Hijos de los Barrios&#8221; por la &#8220;desprolijidad&#8221; en las contrataciones, la presidenta del Instituto de Cultura asegur\u00f3 que la ausencia se debe a la falta de un acuerdo econ\u00f3mico. &nbsp; El clima de previa de la\u00a0Fiesta Nacional del Chamam\u00e9, que inicia este viernes, se vio sacudido por una fuerte controversia. [&hellip;]<\/p>\n","protected":false},"author":2,"featured_media":5550,"comment_status":"open","ping_status":"open","sticky":false,"template":"","format":"standard","meta":{"footnotes":""},"categories":[78],"tags":[],"class_list":{"0":"post-5549","1":"post","2":"type-post","3":"status-publish","4":"format-standard","5":"has-post-thumbnail","7":"category-generales"},"_links":{"self":[{"href":"https:\/\/elpueblonoticia.com.ar\/web\/wp-json\/wp\/v2\/posts\/5549","targetHints":{"allow":["GET"]}}],"collection":[{"href":"https:\/\/elpueblonoticia.com.ar\/web\/wp-json\/wp\/v2\/posts"}],"about":[{"href":"https:\/\/elpueblonoticia.com.ar\/web\/wp-json\/wp\/v2\/types\/post"}],"author":[{"embeddable":true,"href":"https:\/\/elpueblonoticia.com.ar\/web\/wp-json\/wp\/v2\/users\/2"}],"replies":[{"embeddable":true,"href":"https:\/\/elpueblonoticia.com.ar\/web\/wp-json\/wp\/v2\/comments?post=5549"}],"version-history":[{"count":1,"href":"https:\/\/elpueblonoticia.com.ar\/web\/wp-json\/wp\/v2\/posts\/5549\/revisions"}],"predecessor-version":[{"id":5551,"href":"https:\/\/elpueblonoticia.com.ar\/web\/wp-json\/wp\/v2\/posts\/5549\/revisions\/5551"}],"wp:featuredmedia":[{"embeddable":true,"href":"https:\/\/elpueblonoticia.com.ar\/web\/wp-json\/wp\/v2\/media\/5550"}],"wp:attachment":[{"href":"https:\/\/elpueblonoticia.com.ar\/web\/wp-json\/wp\/v2\/media?parent=5549"}],"wp:term":[{"taxonomy":"category","embeddable":true,"href":"https:\/\/elpueblonoticia.com.ar\/web\/wp-json\/wp\/v2\/categories?post=5549"},{"taxonomy":"post_tag","embeddable":true,"href":"https:\/\/elpueblonoticia.com.ar\/web\/wp-json\/wp\/v2\/tags?post=5549"}],"curies":[{"name":"wp","href":"https:\/\/api.w.org\/{rel}","templated":true}]}}