{"id":5542,"date":"2026-01-15T20:45:43","date_gmt":"2026-01-15T23:45:43","guid":{"rendered":"https:\/\/elpueblonoticia.com.ar\/web\/?p=5542"},"modified":"2026-01-15T20:45:43","modified_gmt":"2026-01-15T23:45:43","slug":"plan-de-bacheo-en-la-ciudad-la-municipalidad-de-goya-continua-con-el-plan-de-bacheo-en-distintas-arterias-de-la-ciudad","status":"publish","type":"post","link":"https:\/\/elpueblonoticia.com.ar\/web\/2026\/01\/15\/plan-de-bacheo-en-la-ciudad-la-municipalidad-de-goya-continua-con-el-plan-de-bacheo-en-distintas-arterias-de-la-ciudad\/","title":{"rendered":"PLAN DE BACHEO EN LA CIUDAD  La Municipalidad de Goya contin\u00faa con el plan de bacheo en distintas arterias de la ciudad."},"content":{"rendered":"<p><img loading=\"lazy\" decoding=\"async\" class=\"alignnone size-medium wp-image-5544\" src=\"https:\/\/elpueblonoticia.com.ar\/web\/wp-content\/uploads\/2026\/01\/Plan-Bacheo-calles-Uruguay-y-9-de-julio-1-300x200.jpg\" alt=\"\" width=\"300\" height=\"200\" srcset=\"https:\/\/elpueblonoticia.com.ar\/web\/wp-content\/uploads\/2026\/01\/Plan-Bacheo-calles-Uruguay-y-9-de-julio-1-300x200.jpg 300w, https:\/\/elpueblonoticia.com.ar\/web\/wp-content\/uploads\/2026\/01\/Plan-Bacheo-calles-Uruguay-y-9-de-julio-1-1024x682.jpg 1024w, https:\/\/elpueblonoticia.com.ar\/web\/wp-content\/uploads\/2026\/01\/Plan-Bacheo-calles-Uruguay-y-9-de-julio-1-768x512.jpg 768w, https:\/\/elpueblonoticia.com.ar\/web\/wp-content\/uploads\/2026\/01\/Plan-Bacheo-calles-Uruguay-y-9-de-julio-1-1536x1023.jpg 1536w, https:\/\/elpueblonoticia.com.ar\/web\/wp-content\/uploads\/2026\/01\/Plan-Bacheo-calles-Uruguay-y-9-de-julio-1-630x420.jpg 630w, https:\/\/elpueblonoticia.com.ar\/web\/wp-content\/uploads\/2026\/01\/Plan-Bacheo-calles-Uruguay-y-9-de-julio-1-696x464.jpg 696w, https:\/\/elpueblonoticia.com.ar\/web\/wp-content\/uploads\/2026\/01\/Plan-Bacheo-calles-Uruguay-y-9-de-julio-1-1068x712.jpg 1068w, https:\/\/elpueblonoticia.com.ar\/web\/wp-content\/uploads\/2026\/01\/Plan-Bacheo-calles-Uruguay-y-9-de-julio-1.jpg 1600w\" sizes=\"auto, (max-width: 300px) 100vw, 300px\" \/> <img loading=\"lazy\" decoding=\"async\" class=\"alignnone size-medium wp-image-5545\" src=\"https:\/\/elpueblonoticia.com.ar\/web\/wp-content\/uploads\/2026\/01\/Plan-Bacheo-calles-Uruguay-y-9-de-julio-2-300x200.jpg\" alt=\"\" width=\"300\" height=\"200\" srcset=\"https:\/\/elpueblonoticia.com.ar\/web\/wp-content\/uploads\/2026\/01\/Plan-Bacheo-calles-Uruguay-y-9-de-julio-2-300x200.jpg 300w, https:\/\/elpueblonoticia.com.ar\/web\/wp-content\/uploads\/2026\/01\/Plan-Bacheo-calles-Uruguay-y-9-de-julio-2-1024x682.jpg 1024w, https:\/\/elpueblonoticia.com.ar\/web\/wp-content\/uploads\/2026\/01\/Plan-Bacheo-calles-Uruguay-y-9-de-julio-2-768x512.jpg 768w, https:\/\/elpueblonoticia.com.ar\/web\/wp-content\/uploads\/2026\/01\/Plan-Bacheo-calles-Uruguay-y-9-de-julio-2-1536x1023.jpg 1536w, https:\/\/elpueblonoticia.com.ar\/web\/wp-content\/uploads\/2026\/01\/Plan-Bacheo-calles-Uruguay-y-9-de-julio-2-630x420.jpg 630w, https:\/\/elpueblonoticia.com.ar\/web\/wp-content\/uploads\/2026\/01\/Plan-Bacheo-calles-Uruguay-y-9-de-julio-2-696x464.jpg 696w, https:\/\/elpueblonoticia.com.ar\/web\/wp-content\/uploads\/2026\/01\/Plan-Bacheo-calles-Uruguay-y-9-de-julio-2-1068x712.jpg 1068w, https:\/\/elpueblonoticia.com.ar\/web\/wp-content\/uploads\/2026\/01\/Plan-Bacheo-calles-Uruguay-y-9-de-julio-2.jpg 1600w\" sizes=\"auto, (max-width: 300px) 100vw, 300px\" \/> <img loading=\"lazy\" decoding=\"async\" class=\"alignnone size-medium wp-image-5546\" src=\"https:\/\/elpueblonoticia.com.ar\/web\/wp-content\/uploads\/2026\/01\/Plan-Bacheo-calles-Uruguay-y-9-de-julio-4-300x200.jpg\" alt=\"\" width=\"300\" height=\"200\" srcset=\"https:\/\/elpueblonoticia.com.ar\/web\/wp-content\/uploads\/2026\/01\/Plan-Bacheo-calles-Uruguay-y-9-de-julio-4-300x200.jpg 300w, https:\/\/elpueblonoticia.com.ar\/web\/wp-content\/uploads\/2026\/01\/Plan-Bacheo-calles-Uruguay-y-9-de-julio-4-1024x682.jpg 1024w, https:\/\/elpueblonoticia.com.ar\/web\/wp-content\/uploads\/2026\/01\/Plan-Bacheo-calles-Uruguay-y-9-de-julio-4-768x512.jpg 768w, https:\/\/elpueblonoticia.com.ar\/web\/wp-content\/uploads\/2026\/01\/Plan-Bacheo-calles-Uruguay-y-9-de-julio-4-1536x1023.jpg 1536w, https:\/\/elpueblonoticia.com.ar\/web\/wp-content\/uploads\/2026\/01\/Plan-Bacheo-calles-Uruguay-y-9-de-julio-4-630x420.jpg 630w, https:\/\/elpueblonoticia.com.ar\/web\/wp-content\/uploads\/2026\/01\/Plan-Bacheo-calles-Uruguay-y-9-de-julio-4-696x464.jpg 696w, https:\/\/elpueblonoticia.com.ar\/web\/wp-content\/uploads\/2026\/01\/Plan-Bacheo-calles-Uruguay-y-9-de-julio-4-1068x712.jpg 1068w, https:\/\/elpueblonoticia.com.ar\/web\/wp-content\/uploads\/2026\/01\/Plan-Bacheo-calles-Uruguay-y-9-de-julio-4.jpg 1600w\" sizes=\"auto, (max-width: 300px) 100vw, 300px\" \/><\/p>\n<p class=\"x_MsoNormal\"><span data-olk-copy-source=\"MessageBody\">La secretar\u00eda de Obras P\u00fablicas y Servicios se encuentra trabajando en varios frentes de obra, tanto en barrios como en zona del centro de la ciudad.<\/span><\/p>\n<p class=\"x_MsoNormal\">En ese sentido el personal de la repartici\u00f3n municipal ha intervenido con esas acciones en el Barrio Francisco Palau, en la intersecci\u00f3n de las calles 9 de julio y Uruguay.<\/p>\n<p class=\"x_MsoNormal\">De la misma manera la Secretar\u00eda de Obras y Servicios P\u00fablicos de la Municipalidad contin\u00faa desarrollando trabajos en otros frentes de obra de la ciudad.<\/p>\n","protected":false},"excerpt":{"rendered":"<p>La secretar\u00eda de Obras P\u00fablicas y Servicios se encuentra trabajando en varios frentes de obra, tanto en barrios como en zona del centro de la ciudad. En ese sentido el personal de la repartici\u00f3n municipal ha intervenido con esas acciones en el Barrio Francisco Palau, en la intersecci\u00f3n de las calles 9 de julio y [&hellip;]<\/p>\n","protected":false},"author":2,"featured_media":5543,"comment_status":"open","ping_status":"open","sticky":false,"template":"","format":"standard","meta":{"footnotes":""},"categories":[56],"tags":[],"class_list":{"0":"post-5542","1":"post","2":"type-post","3":"status-publish","4":"format-standard","5":"has-post-thumbnail","7":"category-locales"},"_links":{"self":[{"href":"https:\/\/elpueblonoticia.com.ar\/web\/wp-json\/wp\/v2\/posts\/5542","targetHints":{"allow":["GET"]}}],"collection":[{"href":"https:\/\/elpueblonoticia.com.ar\/web\/wp-json\/wp\/v2\/posts"}],"about":[{"href":"https:\/\/elpueblonoticia.com.ar\/web\/wp-json\/wp\/v2\/types\/post"}],"author":[{"embeddable":true,"href":"https:\/\/elpueblonoticia.com.ar\/web\/wp-json\/wp\/v2\/users\/2"}],"replies":[{"embeddable":true,"href":"https:\/\/elpueblonoticia.com.ar\/web\/wp-json\/wp\/v2\/comments?post=5542"}],"version-history":[{"count":1,"href":"https:\/\/elpueblonoticia.com.ar\/web\/wp-json\/wp\/v2\/posts\/5542\/revisions"}],"predecessor-version":[{"id":5547,"href":"https:\/\/elpueblonoticia.com.ar\/web\/wp-json\/wp\/v2\/posts\/5542\/revisions\/5547"}],"wp:featuredmedia":[{"embeddable":true,"href":"https:\/\/elpueblonoticia.com.ar\/web\/wp-json\/wp\/v2\/media\/5543"}],"wp:attachment":[{"href":"https:\/\/elpueblonoticia.com.ar\/web\/wp-json\/wp\/v2\/media?parent=5542"}],"wp:term":[{"taxonomy":"category","embeddable":true,"href":"https:\/\/elpueblonoticia.com.ar\/web\/wp-json\/wp\/v2\/categories?post=5542"},{"taxonomy":"post_tag","embeddable":true,"href":"https:\/\/elpueblonoticia.com.ar\/web\/wp-json\/wp\/v2\/tags?post=5542"}],"curies":[{"name":"wp","href":"https:\/\/api.w.org\/{rel}","templated":true}]}}