{"id":5533,"date":"2026-01-15T20:39:53","date_gmt":"2026-01-15T23:39:53","guid":{"rendered":"https:\/\/elpueblonoticia.com.ar\/web\/?p=5533"},"modified":"2026-01-15T20:39:53","modified_gmt":"2026-01-15T23:39:53","slug":"avances-de-las-obras-de-la-nueva-terminal","status":"publish","type":"post","link":"https:\/\/elpueblonoticia.com.ar\/web\/2026\/01\/15\/avances-de-las-obras-de-la-nueva-terminal\/","title":{"rendered":"AVANCES DE LAS OBRAS DE LA NUEVA TERMINAL"},"content":{"rendered":"<p><img loading=\"lazy\" decoding=\"async\" class=\"alignnone size-medium wp-image-5535\" src=\"https:\/\/elpueblonoticia.com.ar\/web\/wp-content\/uploads\/2026\/01\/Avance-de-Obras-de-la-Nueva-Terminal-recorrida-del-Intendente-4-300x200.jpg\" alt=\"\" width=\"300\" height=\"200\" srcset=\"https:\/\/elpueblonoticia.com.ar\/web\/wp-content\/uploads\/2026\/01\/Avance-de-Obras-de-la-Nueva-Terminal-recorrida-del-Intendente-4-300x200.jpg 300w, https:\/\/elpueblonoticia.com.ar\/web\/wp-content\/uploads\/2026\/01\/Avance-de-Obras-de-la-Nueva-Terminal-recorrida-del-Intendente-4-1024x682.jpg 1024w, https:\/\/elpueblonoticia.com.ar\/web\/wp-content\/uploads\/2026\/01\/Avance-de-Obras-de-la-Nueva-Terminal-recorrida-del-Intendente-4-768x512.jpg 768w, https:\/\/elpueblonoticia.com.ar\/web\/wp-content\/uploads\/2026\/01\/Avance-de-Obras-de-la-Nueva-Terminal-recorrida-del-Intendente-4-1536x1023.jpg 1536w, https:\/\/elpueblonoticia.com.ar\/web\/wp-content\/uploads\/2026\/01\/Avance-de-Obras-de-la-Nueva-Terminal-recorrida-del-Intendente-4-630x420.jpg 630w, https:\/\/elpueblonoticia.com.ar\/web\/wp-content\/uploads\/2026\/01\/Avance-de-Obras-de-la-Nueva-Terminal-recorrida-del-Intendente-4-696x464.jpg 696w, https:\/\/elpueblonoticia.com.ar\/web\/wp-content\/uploads\/2026\/01\/Avance-de-Obras-de-la-Nueva-Terminal-recorrida-del-Intendente-4-1068x712.jpg 1068w, https:\/\/elpueblonoticia.com.ar\/web\/wp-content\/uploads\/2026\/01\/Avance-de-Obras-de-la-Nueva-Terminal-recorrida-del-Intendente-4.jpg 1600w\" sizes=\"auto, (max-width: 300px) 100vw, 300px\" \/> <img loading=\"lazy\" decoding=\"async\" class=\"alignnone size-medium wp-image-5536\" src=\"https:\/\/elpueblonoticia.com.ar\/web\/wp-content\/uploads\/2026\/01\/Avance-de-Obras-de-la-Nueva-Terminal-recorrida-del-Intendente-1-300x200.jpg\" alt=\"\" width=\"300\" height=\"200\" srcset=\"https:\/\/elpueblonoticia.com.ar\/web\/wp-content\/uploads\/2026\/01\/Avance-de-Obras-de-la-Nueva-Terminal-recorrida-del-Intendente-1-300x200.jpg 300w, https:\/\/elpueblonoticia.com.ar\/web\/wp-content\/uploads\/2026\/01\/Avance-de-Obras-de-la-Nueva-Terminal-recorrida-del-Intendente-1-1024x682.jpg 1024w, https:\/\/elpueblonoticia.com.ar\/web\/wp-content\/uploads\/2026\/01\/Avance-de-Obras-de-la-Nueva-Terminal-recorrida-del-Intendente-1-768x512.jpg 768w, https:\/\/elpueblonoticia.com.ar\/web\/wp-content\/uploads\/2026\/01\/Avance-de-Obras-de-la-Nueva-Terminal-recorrida-del-Intendente-1-1536x1023.jpg 1536w, https:\/\/elpueblonoticia.com.ar\/web\/wp-content\/uploads\/2026\/01\/Avance-de-Obras-de-la-Nueva-Terminal-recorrida-del-Intendente-1-630x420.jpg 630w, https:\/\/elpueblonoticia.com.ar\/web\/wp-content\/uploads\/2026\/01\/Avance-de-Obras-de-la-Nueva-Terminal-recorrida-del-Intendente-1-696x464.jpg 696w, https:\/\/elpueblonoticia.com.ar\/web\/wp-content\/uploads\/2026\/01\/Avance-de-Obras-de-la-Nueva-Terminal-recorrida-del-Intendente-1-1068x712.jpg 1068w, https:\/\/elpueblonoticia.com.ar\/web\/wp-content\/uploads\/2026\/01\/Avance-de-Obras-de-la-Nueva-Terminal-recorrida-del-Intendente-1.jpg 1600w\" sizes=\"auto, (max-width: 300px) 100vw, 300px\" \/> <img loading=\"lazy\" decoding=\"async\" class=\"alignnone size-medium wp-image-5537\" src=\"https:\/\/elpueblonoticia.com.ar\/web\/wp-content\/uploads\/2026\/01\/Avance-de-Obras-de-la-Nueva-Terminal-recorrida-del-Intendente-3-300x200.jpg\" alt=\"\" width=\"300\" height=\"200\" srcset=\"https:\/\/elpueblonoticia.com.ar\/web\/wp-content\/uploads\/2026\/01\/Avance-de-Obras-de-la-Nueva-Terminal-recorrida-del-Intendente-3-300x200.jpg 300w, https:\/\/elpueblonoticia.com.ar\/web\/wp-content\/uploads\/2026\/01\/Avance-de-Obras-de-la-Nueva-Terminal-recorrida-del-Intendente-3-1024x682.jpg 1024w, https:\/\/elpueblonoticia.com.ar\/web\/wp-content\/uploads\/2026\/01\/Avance-de-Obras-de-la-Nueva-Terminal-recorrida-del-Intendente-3-768x512.jpg 768w, https:\/\/elpueblonoticia.com.ar\/web\/wp-content\/uploads\/2026\/01\/Avance-de-Obras-de-la-Nueva-Terminal-recorrida-del-Intendente-3-1536x1023.jpg 1536w, https:\/\/elpueblonoticia.com.ar\/web\/wp-content\/uploads\/2026\/01\/Avance-de-Obras-de-la-Nueva-Terminal-recorrida-del-Intendente-3-630x420.jpg 630w, https:\/\/elpueblonoticia.com.ar\/web\/wp-content\/uploads\/2026\/01\/Avance-de-Obras-de-la-Nueva-Terminal-recorrida-del-Intendente-3-696x464.jpg 696w, https:\/\/elpueblonoticia.com.ar\/web\/wp-content\/uploads\/2026\/01\/Avance-de-Obras-de-la-Nueva-Terminal-recorrida-del-Intendente-3-1068x712.jpg 1068w, https:\/\/elpueblonoticia.com.ar\/web\/wp-content\/uploads\/2026\/01\/Avance-de-Obras-de-la-Nueva-Terminal-recorrida-del-Intendente-3.jpg 1600w\" sizes=\"auto, (max-width: 300px) 100vw, 300px\" \/> <img loading=\"lazy\" decoding=\"async\" class=\"alignnone size-medium wp-image-5538\" src=\"https:\/\/elpueblonoticia.com.ar\/web\/wp-content\/uploads\/2026\/01\/Avance-de-Obras-de-la-Nueva-Terminal-recorrida-del-Intendente-5-300x200.jpg\" alt=\"\" width=\"300\" height=\"200\" srcset=\"https:\/\/elpueblonoticia.com.ar\/web\/wp-content\/uploads\/2026\/01\/Avance-de-Obras-de-la-Nueva-Terminal-recorrida-del-Intendente-5-300x200.jpg 300w, https:\/\/elpueblonoticia.com.ar\/web\/wp-content\/uploads\/2026\/01\/Avance-de-Obras-de-la-Nueva-Terminal-recorrida-del-Intendente-5-1024x682.jpg 1024w, https:\/\/elpueblonoticia.com.ar\/web\/wp-content\/uploads\/2026\/01\/Avance-de-Obras-de-la-Nueva-Terminal-recorrida-del-Intendente-5-768x512.jpg 768w, https:\/\/elpueblonoticia.com.ar\/web\/wp-content\/uploads\/2026\/01\/Avance-de-Obras-de-la-Nueva-Terminal-recorrida-del-Intendente-5-1536x1023.jpg 1536w, https:\/\/elpueblonoticia.com.ar\/web\/wp-content\/uploads\/2026\/01\/Avance-de-Obras-de-la-Nueva-Terminal-recorrida-del-Intendente-5-630x420.jpg 630w, https:\/\/elpueblonoticia.com.ar\/web\/wp-content\/uploads\/2026\/01\/Avance-de-Obras-de-la-Nueva-Terminal-recorrida-del-Intendente-5-696x464.jpg 696w, https:\/\/elpueblonoticia.com.ar\/web\/wp-content\/uploads\/2026\/01\/Avance-de-Obras-de-la-Nueva-Terminal-recorrida-del-Intendente-5-1068x712.jpg 1068w, https:\/\/elpueblonoticia.com.ar\/web\/wp-content\/uploads\/2026\/01\/Avance-de-Obras-de-la-Nueva-Terminal-recorrida-del-Intendente-5.jpg 1600w\" sizes=\"auto, (max-width: 300px) 100vw, 300px\" \/> <img loading=\"lazy\" decoding=\"async\" class=\"alignnone size-medium wp-image-5539\" src=\"https:\/\/elpueblonoticia.com.ar\/web\/wp-content\/uploads\/2026\/01\/Avance-de-Obras-de-la-Nueva-Terminal-recorrida-del-Intendente-6-300x200.jpg\" alt=\"\" width=\"300\" height=\"200\" srcset=\"https:\/\/elpueblonoticia.com.ar\/web\/wp-content\/uploads\/2026\/01\/Avance-de-Obras-de-la-Nueva-Terminal-recorrida-del-Intendente-6-300x200.jpg 300w, https:\/\/elpueblonoticia.com.ar\/web\/wp-content\/uploads\/2026\/01\/Avance-de-Obras-de-la-Nueva-Terminal-recorrida-del-Intendente-6-1024x682.jpg 1024w, https:\/\/elpueblonoticia.com.ar\/web\/wp-content\/uploads\/2026\/01\/Avance-de-Obras-de-la-Nueva-Terminal-recorrida-del-Intendente-6-768x512.jpg 768w, https:\/\/elpueblonoticia.com.ar\/web\/wp-content\/uploads\/2026\/01\/Avance-de-Obras-de-la-Nueva-Terminal-recorrida-del-Intendente-6-1536x1023.jpg 1536w, https:\/\/elpueblonoticia.com.ar\/web\/wp-content\/uploads\/2026\/01\/Avance-de-Obras-de-la-Nueva-Terminal-recorrida-del-Intendente-6-630x420.jpg 630w, https:\/\/elpueblonoticia.com.ar\/web\/wp-content\/uploads\/2026\/01\/Avance-de-Obras-de-la-Nueva-Terminal-recorrida-del-Intendente-6-696x464.jpg 696w, https:\/\/elpueblonoticia.com.ar\/web\/wp-content\/uploads\/2026\/01\/Avance-de-Obras-de-la-Nueva-Terminal-recorrida-del-Intendente-6-1068x712.jpg 1068w, https:\/\/elpueblonoticia.com.ar\/web\/wp-content\/uploads\/2026\/01\/Avance-de-Obras-de-la-Nueva-Terminal-recorrida-del-Intendente-6.jpg 1600w\" sizes=\"auto, (max-width: 300px) 100vw, 300px\" \/><\/p>\n<p class=\"x_MsoNormal\"><span data-olk-copy-source=\"MessageBody\">En la ma\u00f1ana del jueves el Intendente Mariano Hormaechea recorri\u00f3 las obras de la nueva Terminal de \u00d3mnibus de la ciudad.<\/span><\/p>\n<p class=\"x_MsoNormal\">\n<p class=\"x_MsoNormal\">En la recorrida el Jefe Comunal pudo observar los trabajos de esta primera etapa marcado por la construcci\u00f3n de la Nave Central y las Plataforma de Embarques y Maniobras.<\/p>\n<p class=\"x_MsoNormal\">Mariano Hormaechea, destac\u00f3: \u201cel importante avance del techo de la nave principal\u201d.<\/p>\n<p class=\"x_MsoNormal\">\n<p class=\"x_MsoNormal\">\u201cSeguimos trabajando junto al equipo para que esta infraestructura clave siga avanzando y se convierta en un espacio moderno, funcional y al servicio de todos los vecinos.\u201d Expres\u00f3 finalmente el Primer Mandatario Local.<\/p>\n<p class=\"x_MsoNormal\">\n","protected":false},"excerpt":{"rendered":"<p>En la ma\u00f1ana del jueves el Intendente Mariano Hormaechea recorri\u00f3 las obras de la nueva Terminal de \u00d3mnibus de la ciudad. En la recorrida el Jefe Comunal pudo observar los trabajos de esta primera etapa marcado por la construcci\u00f3n de la Nave Central y las Plataforma de Embarques y Maniobras. Mariano Hormaechea, destac\u00f3: \u201cel importante [&hellip;]<\/p>\n","protected":false},"author":2,"featured_media":5534,"comment_status":"open","ping_status":"open","sticky":false,"template":"","format":"standard","meta":{"footnotes":""},"categories":[56],"tags":[],"class_list":{"0":"post-5533","1":"post","2":"type-post","3":"status-publish","4":"format-standard","5":"has-post-thumbnail","7":"category-locales"},"_links":{"self":[{"href":"https:\/\/elpueblonoticia.com.ar\/web\/wp-json\/wp\/v2\/posts\/5533","targetHints":{"allow":["GET"]}}],"collection":[{"href":"https:\/\/elpueblonoticia.com.ar\/web\/wp-json\/wp\/v2\/posts"}],"about":[{"href":"https:\/\/elpueblonoticia.com.ar\/web\/wp-json\/wp\/v2\/types\/post"}],"author":[{"embeddable":true,"href":"https:\/\/elpueblonoticia.com.ar\/web\/wp-json\/wp\/v2\/users\/2"}],"replies":[{"embeddable":true,"href":"https:\/\/elpueblonoticia.com.ar\/web\/wp-json\/wp\/v2\/comments?post=5533"}],"version-history":[{"count":1,"href":"https:\/\/elpueblonoticia.com.ar\/web\/wp-json\/wp\/v2\/posts\/5533\/revisions"}],"predecessor-version":[{"id":5540,"href":"https:\/\/elpueblonoticia.com.ar\/web\/wp-json\/wp\/v2\/posts\/5533\/revisions\/5540"}],"wp:featuredmedia":[{"embeddable":true,"href":"https:\/\/elpueblonoticia.com.ar\/web\/wp-json\/wp\/v2\/media\/5534"}],"wp:attachment":[{"href":"https:\/\/elpueblonoticia.com.ar\/web\/wp-json\/wp\/v2\/media?parent=5533"}],"wp:term":[{"taxonomy":"category","embeddable":true,"href":"https:\/\/elpueblonoticia.com.ar\/web\/wp-json\/wp\/v2\/categories?post=5533"},{"taxonomy":"post_tag","embeddable":true,"href":"https:\/\/elpueblonoticia.com.ar\/web\/wp-json\/wp\/v2\/tags?post=5533"}],"curies":[{"name":"wp","href":"https:\/\/api.w.org\/{rel}","templated":true}]}}