{"id":5513,"date":"2026-01-15T18:40:28","date_gmt":"2026-01-15T21:40:28","guid":{"rendered":"https:\/\/elpueblonoticia.com.ar\/web\/?p=5513"},"modified":"2026-01-15T18:40:28","modified_gmt":"2026-01-15T21:40:28","slug":"el-chamame-con-todos-en-las-puertas-del-instituto-de-cardiologia","status":"publish","type":"post","link":"https:\/\/elpueblonoticia.com.ar\/web\/2026\/01\/15\/el-chamame-con-todos-en-las-puertas-del-instituto-de-cardiologia\/","title":{"rendered":"El &#8220;Chamam\u00e9 con Todos&#8221; en las puertas del Instituto de Cardiolog\u00eda"},"content":{"rendered":"<p><img decoding=\"async\" src=\"https:\/\/www.powernoticias.com\/images\/202601151030382443\" \/><\/p>\n<p><img decoding=\"async\" src=\"https:\/\/www.powernoticias.com\/images\/202601151030205606\" \/><\/p>\n<p>La 35\u00aa Fiesta Nacional del Chamam\u00e9 se vive en distintos lugares de Corrientes, a trav\u00e9s de propuestas inclusivas como el &#8220;Chamam\u00e9 con todos&#8221;. Este martes fue el turno del Instituto de Cardiolog\u00eda, una actividad que reuni\u00f3 a m\u00e1s de 300 personas alrededor de la m\u00fasica, la poes\u00eda y la danza, con la presentaci\u00f3n de Santiago &#8220;Bocha&#8221; Sheridan y el grupo Av\u00edo del Alma, acompa\u00f1ado por Julio Vallejos.<\/p>\n<p>Es as\u00ed que el Instituto de Cultura de Corrientes desarroll\u00f3 una nueva actividad en el marco de la 35\u00aa Fiesta Nacional del Chamam\u00e9. Los encargados de los primeros acordes fueron los m\u00fasicos de Av\u00edo del Alma, que tuvieron como recitador al director del Instituto de Cardiolog\u00eda, Julio Vallejos, quien aprovech\u00f3 la ocasi\u00f3n para destacar que la instituci\u00f3n &#8220;est\u00e1 cumpliendo 40 a\u00f1os cuidando el coraz\u00f3n de los correntinos, y agradeci\u00f3 ser parte de esta actividad chamamecera&#8221;.<\/p>\n<p>En esta ocasi\u00f3n, sonaron cl\u00e1sicos del cancionero litorale\u00f1o como Neike Chamigo, Sin rencores ni reproches, Como mi gente, De p\u00e1jaros y cimbras. La calandria, Compadre que tiene el vino y Adi\u00f3s Ciudad de Mercedes. Y no tard\u00f3 en armarse una gran bailanta con la participaci\u00f3n de parejas de distintos ballets, como Sentido Folklore, la agrupaci\u00f3n Guepa Che, los Incansables del Chamam\u00e9 con Antonio Mu\u00f1oz y su compa\u00f1era Betty, y la Pareja Nacional Juvenil 2026: Emma Lourdes Biotti Meza y Bautista Benjam\u00edn Monz\u00f3n.<\/p>\n<p>La presidenta del Instituto de Cultura, Lourdes S\u00e1nchez, agradeci\u00f3 el acompa\u00f1amiento del p\u00fablico en un lugar tan especial como el Instituto de Cardiolog\u00eda, destacado por su labor m\u00e9dica, e invit\u00f3 a seguir formando parte de las distintas actividades gratuitas que son parte de la Fiesta.<\/p>\n<p>El esperado cierre musical estuvo a cargo del gran Santiago &#8220;Bocha&#8221; Sheridan que deleit\u00f3 a los presentes con un repertorio cargado de canciones rom\u00e1nticas y de gran carga emotiva. &#8220;Esta celebraci\u00f3n la esperamos todos los a\u00f1os, los correntinos y gente que vive afuera, que quieren estar en esta Fiesta que vivimos con todo. El coraz\u00f3n siempre latente de nuestros correntinos que est\u00e1n afuera y que extra\u00f1an un mont\u00f3n. Hay muchos que vienen, as\u00ed que le agradecemos much\u00edsimo&#8221;, expres\u00f3 el artista.<\/p>\n","protected":false},"excerpt":{"rendered":"<p>La 35\u00aa Fiesta Nacional del Chamam\u00e9 se vive en distintos lugares de Corrientes, a trav\u00e9s de propuestas inclusivas como el &#8220;Chamam\u00e9 con todos&#8221;. Este martes fue el turno del Instituto de Cardiolog\u00eda, una actividad que reuni\u00f3 a m\u00e1s de 300 personas alrededor de la m\u00fasica, la poes\u00eda y la danza, con la presentaci\u00f3n de Santiago [&hellip;]<\/p>\n","protected":false},"author":2,"featured_media":5514,"comment_status":"open","ping_status":"open","sticky":false,"template":"","format":"standard","meta":{"footnotes":""},"categories":[78],"tags":[],"class_list":{"0":"post-5513","1":"post","2":"type-post","3":"status-publish","4":"format-standard","5":"has-post-thumbnail","7":"category-generales"},"_links":{"self":[{"href":"https:\/\/elpueblonoticia.com.ar\/web\/wp-json\/wp\/v2\/posts\/5513","targetHints":{"allow":["GET"]}}],"collection":[{"href":"https:\/\/elpueblonoticia.com.ar\/web\/wp-json\/wp\/v2\/posts"}],"about":[{"href":"https:\/\/elpueblonoticia.com.ar\/web\/wp-json\/wp\/v2\/types\/post"}],"author":[{"embeddable":true,"href":"https:\/\/elpueblonoticia.com.ar\/web\/wp-json\/wp\/v2\/users\/2"}],"replies":[{"embeddable":true,"href":"https:\/\/elpueblonoticia.com.ar\/web\/wp-json\/wp\/v2\/comments?post=5513"}],"version-history":[{"count":1,"href":"https:\/\/elpueblonoticia.com.ar\/web\/wp-json\/wp\/v2\/posts\/5513\/revisions"}],"predecessor-version":[{"id":5515,"href":"https:\/\/elpueblonoticia.com.ar\/web\/wp-json\/wp\/v2\/posts\/5513\/revisions\/5515"}],"wp:featuredmedia":[{"embeddable":true,"href":"https:\/\/elpueblonoticia.com.ar\/web\/wp-json\/wp\/v2\/media\/5514"}],"wp:attachment":[{"href":"https:\/\/elpueblonoticia.com.ar\/web\/wp-json\/wp\/v2\/media?parent=5513"}],"wp:term":[{"taxonomy":"category","embeddable":true,"href":"https:\/\/elpueblonoticia.com.ar\/web\/wp-json\/wp\/v2\/categories?post=5513"},{"taxonomy":"post_tag","embeddable":true,"href":"https:\/\/elpueblonoticia.com.ar\/web\/wp-json\/wp\/v2\/tags?post=5513"}],"curies":[{"name":"wp","href":"https:\/\/api.w.org\/{rel}","templated":true}]}}