{"id":5509,"date":"2026-01-15T18:06:18","date_gmt":"2026-01-15T21:06:18","guid":{"rendered":"https:\/\/elpueblonoticia.com.ar\/web\/?p=5509"},"modified":"2026-01-15T18:06:18","modified_gmt":"2026-01-15T21:06:18","slug":"faenas-clandestinas-decomisan-mas-de-180-kilos-de-carne-en-lavalle","status":"publish","type":"post","link":"https:\/\/elpueblonoticia.com.ar\/web\/2026\/01\/15\/faenas-clandestinas-decomisan-mas-de-180-kilos-de-carne-en-lavalle\/","title":{"rendered":"FAENAS CLANDESTINAS: DECOMISAN M\u00c1S DE 180 KILOS DE CARNE EN LAVALLE"},"content":{"rendered":"<div>\n<p><strong>El operativo \u00a0realiz\u00f3 el PRIAR en \u00a0Paraje Bonete, departamento de Lavalle, donde la polic\u00eda rural y ecol\u00f3gica hall\u00f3 carne \u00a0sin controles sanitarios. Los productos fueron incinerados por no ser aptos para el consumo humano.\u00a0<\/strong><strong>Ante el hallazgo, tom\u00f3 intervenci\u00f3n el fiscal rural, quien dispuso el inicio de una causa por infracci\u00f3n al art\u00edculo 206 del C\u00f3digo Penal Argentino.<\/strong><\/p>\n<p>&nbsp;<\/p>\n<p>En el marco de un operativo preventivo de lucha contra la faena clandestina, efectivos de la Polic\u00eda Rural y Ecol\u00f3gica de Lavalle \u2013 a cargo del comisario H\u00e9ctor Romero &#8211; detectaron una importante irregularidad en un comercio de la zona rural.<\/p>\n<p>Durante la inspecci\u00f3n, los polic\u00edas hallaron un total de 180,40 kilos de carne que carec\u00eda de los sellos sanitarios obligatorios y del control bromatol\u00f3gico correspondiente. La falta de sellos sanitarios significa que el animal no pas\u00f3 por un frigor\u00edfico autorizado. Al ser faenado en el campo (clandestinamente), no hay garant\u00edas de que el animal estuviera sano o de que se hayan respetado las normas de higiene.<\/p>\n<p>&nbsp;<\/p>\n<p>Por su parte, el m\u00e9dico veterinario, doctor Caved\u00f3n, examin\u00f3 el cargamento y dictamin\u00f3 que la carne no era apta para el consumo humano. Como consecuencia, se procedi\u00f3 a la desnaturalizaci\u00f3n de la mercader\u00eda mediante su incineraci\u00f3n. &#8211;<\/p>\n<\/div>\n<div class=\"s2s_supra_contenedor lang_directon_right s2sdefault  align_left  s2s_balloon_bottom \">\n<div class=\"s2s_contenedor  s2s_no_text  s2s-btn-group\">\n<div class=\"s2s_twitter s2s_btn s2s-btn-xs \">\n<div class=\"globo s2s_globo_closed s2s_twitter_iframe\"><\/div>\n<\/div>\n<div class=\"s2s_facebook s2s_btn s2s-btn-xs \">\n<div class=\"globo s2s_globo_closed s2s_facebook_iframe\"><\/div>\n<\/div>\n<div class=\"s2s_wapp s2s_btn s2s-btn-xs  \">\n<div class=\"globo s2s_globo_closed s2s_wapp_iframe\"><\/div>\n<\/div>\n<\/div>\n<div class=\"s2s_credits_wrapper\"><\/div>\n<\/div>\n","protected":false},"excerpt":{"rendered":"<p>El operativo \u00a0realiz\u00f3 el PRIAR en \u00a0Paraje Bonete, departamento de Lavalle, donde la polic\u00eda rural y ecol\u00f3gica hall\u00f3 carne \u00a0sin controles sanitarios. Los productos fueron incinerados por no ser aptos para el consumo humano.\u00a0Ante el hallazgo, tom\u00f3 intervenci\u00f3n el fiscal rural, quien dispuso el inicio de una causa por infracci\u00f3n al art\u00edculo 206 del C\u00f3digo [&hellip;]<\/p>\n","protected":false},"author":2,"featured_media":5510,"comment_status":"open","ping_status":"open","sticky":false,"template":"","format":"standard","meta":{"footnotes":""},"categories":[68],"tags":[],"class_list":{"0":"post-5509","1":"post","2":"type-post","3":"status-publish","4":"format-standard","5":"has-post-thumbnail","7":"category-policiales-nacionales"},"_links":{"self":[{"href":"https:\/\/elpueblonoticia.com.ar\/web\/wp-json\/wp\/v2\/posts\/5509","targetHints":{"allow":["GET"]}}],"collection":[{"href":"https:\/\/elpueblonoticia.com.ar\/web\/wp-json\/wp\/v2\/posts"}],"about":[{"href":"https:\/\/elpueblonoticia.com.ar\/web\/wp-json\/wp\/v2\/types\/post"}],"author":[{"embeddable":true,"href":"https:\/\/elpueblonoticia.com.ar\/web\/wp-json\/wp\/v2\/users\/2"}],"replies":[{"embeddable":true,"href":"https:\/\/elpueblonoticia.com.ar\/web\/wp-json\/wp\/v2\/comments?post=5509"}],"version-history":[{"count":1,"href":"https:\/\/elpueblonoticia.com.ar\/web\/wp-json\/wp\/v2\/posts\/5509\/revisions"}],"predecessor-version":[{"id":5511,"href":"https:\/\/elpueblonoticia.com.ar\/web\/wp-json\/wp\/v2\/posts\/5509\/revisions\/5511"}],"wp:featuredmedia":[{"embeddable":true,"href":"https:\/\/elpueblonoticia.com.ar\/web\/wp-json\/wp\/v2\/media\/5510"}],"wp:attachment":[{"href":"https:\/\/elpueblonoticia.com.ar\/web\/wp-json\/wp\/v2\/media?parent=5509"}],"wp:term":[{"taxonomy":"category","embeddable":true,"href":"https:\/\/elpueblonoticia.com.ar\/web\/wp-json\/wp\/v2\/categories?post=5509"},{"taxonomy":"post_tag","embeddable":true,"href":"https:\/\/elpueblonoticia.com.ar\/web\/wp-json\/wp\/v2\/tags?post=5509"}],"curies":[{"name":"wp","href":"https:\/\/api.w.org\/{rel}","templated":true}]}}