{"id":5495,"date":"2026-01-15T11:03:34","date_gmt":"2026-01-15T14:03:34","guid":{"rendered":"https:\/\/elpueblonoticia.com.ar\/web\/?p=5495"},"modified":"2026-01-15T11:11:06","modified_gmt":"2026-01-15T14:11:06","slug":"5495","status":"publish","type":"post","link":"https:\/\/elpueblonoticia.com.ar\/web\/2026\/01\/15\/5495\/","title":{"rendered":"Hallaron un feto en el predio de la planta recicladora de Paso de los Libres"},"content":{"rendered":"<p><strong>Policiales<\/strong><\/p>\n<p>Jueves 15 de Enero de 2026<\/p>\n<div class=\"xdj266r x14z9mp xat24cr x1lziwak x1vvkbs x126k92a\">\n<div dir=\"auto\">En las primeras horas de este jueves se produjo el hallazgo de un feto humano en la planta recicladora ubicada en el predio del basural de Paso de los Libres, tras la descarga de uno de los camiones del servicio de recolecci\u00f3n de residuos.<\/div>\n<div dir=\"auto\"><\/div>\n<\/div>\n<div class=\"x14z9mp xat24cr x1lziwak x1vvkbs xtlvy1s x126k92a\">\n<div dir=\"auto\">Seg\u00fan la informaci\u00f3n inicial brindada por la Polic\u00eda de la Provincia, se tratar\u00eda de un feto desarrollado, sin placenta, que se encontraba dentro de varias bolsas de residuos.<\/div>\n<\/div>\n<div class=\"x14z9mp xat24cr x1lziwak x1vvkbs xtlvy1s x126k92a\">\n<div dir=\"auto\">El personal policial intervino de inmediato en el lugar y dio aviso a las autoridades judiciales correspondientes, que dispusieron las actuaciones de rigor para determinar el origen del hecho.<\/div>\n<div dir=\"auto\"><\/div>\n<\/div>\n<div class=\"x14z9mp xat24cr x1lziwak x1vvkbs xtlvy1s x126k92a\">\n<div dir=\"auto\">La investigaci\u00f3n contin\u00faa con el objetivo de establecer las circunstancias en las que el feto fue descartado y avanzar en el esclarecimiento del caso.<\/div>\n<\/div>\n","protected":false},"excerpt":{"rendered":"<p>Policiales Jueves 15 de Enero de 2026 En las primeras horas de este jueves se produjo el hallazgo de un feto humano en la planta recicladora ubicada en el predio del basural de Paso de los Libres, tras la descarga de uno de los camiones del servicio de recolecci\u00f3n de residuos. Seg\u00fan la informaci\u00f3n inicial [&hellip;]<\/p>\n","protected":false},"author":2,"featured_media":5496,"comment_status":"open","ping_status":"open","sticky":false,"template":"","format":"standard","meta":{"footnotes":""},"categories":[77],"tags":[],"class_list":{"0":"post-5495","1":"post","2":"type-post","3":"status-publish","4":"format-standard","5":"has-post-thumbnail","7":"category-paso-de-los-libres"},"_links":{"self":[{"href":"https:\/\/elpueblonoticia.com.ar\/web\/wp-json\/wp\/v2\/posts\/5495","targetHints":{"allow":["GET"]}}],"collection":[{"href":"https:\/\/elpueblonoticia.com.ar\/web\/wp-json\/wp\/v2\/posts"}],"about":[{"href":"https:\/\/elpueblonoticia.com.ar\/web\/wp-json\/wp\/v2\/types\/post"}],"author":[{"embeddable":true,"href":"https:\/\/elpueblonoticia.com.ar\/web\/wp-json\/wp\/v2\/users\/2"}],"replies":[{"embeddable":true,"href":"https:\/\/elpueblonoticia.com.ar\/web\/wp-json\/wp\/v2\/comments?post=5495"}],"version-history":[{"count":4,"href":"https:\/\/elpueblonoticia.com.ar\/web\/wp-json\/wp\/v2\/posts\/5495\/revisions"}],"predecessor-version":[{"id":5500,"href":"https:\/\/elpueblonoticia.com.ar\/web\/wp-json\/wp\/v2\/posts\/5495\/revisions\/5500"}],"wp:featuredmedia":[{"embeddable":true,"href":"https:\/\/elpueblonoticia.com.ar\/web\/wp-json\/wp\/v2\/media\/5496"}],"wp:attachment":[{"href":"https:\/\/elpueblonoticia.com.ar\/web\/wp-json\/wp\/v2\/media?parent=5495"}],"wp:term":[{"taxonomy":"category","embeddable":true,"href":"https:\/\/elpueblonoticia.com.ar\/web\/wp-json\/wp\/v2\/categories?post=5495"},{"taxonomy":"post_tag","embeddable":true,"href":"https:\/\/elpueblonoticia.com.ar\/web\/wp-json\/wp\/v2\/tags?post=5495"}],"curies":[{"name":"wp","href":"https:\/\/api.w.org\/{rel}","templated":true}]}}