{"id":5483,"date":"2026-01-14T12:01:51","date_gmt":"2026-01-14T15:01:51","guid":{"rendered":"https:\/\/elpueblonoticia.com.ar\/web\/?p=5483"},"modified":"2026-01-14T12:01:51","modified_gmt":"2026-01-14T15:01:51","slug":"el-concejal-nunez-le-hizo-un-pedido-a-ciclistas-y-tutores","status":"publish","type":"post","link":"https:\/\/elpueblonoticia.com.ar\/web\/2026\/01\/14\/el-concejal-nunez-le-hizo-un-pedido-a-ciclistas-y-tutores\/","title":{"rendered":"El concejal N\u00fa\u00f1ez le hizo un pedido a ciclistas y tutores"},"content":{"rendered":"<p><strong>Info general<\/strong><\/p>\n<p>14 de Enero de 2026<\/p>\n<p dir=\"ltr\"><span data-olk-copy-source=\"MessageBody\">El concejal de Paso de los Libres, Fernando N\u00fa\u00f1ez, particip\u00f3 en una reuni\u00f3n encabezada por el intendente Agust\u00edn Faraldo en la que se acord\u00f3 reforzar los controles de tr\u00e1nsito para evitar que los menores hagan maniobras peligrosas. Al finalizar el encuentro el edil expres\u00f3:\u00a0<\/span>\u201cLes pedimos a los ciclistas y a sus tutores tener una conducta m\u00e1s responsable para garantizar el orden y evitar accidentes\u201d.<\/p>\n<p dir=\"ltr\">\n<p dir=\"ltr\">El concejal del Movimiento de Integraci\u00f3n y Desarrollo (MID) y que integra el bloque Vamos Corrientes estuvo presente en la reuni\u00f3n a la que asistieron sus pares, funcionarios de Seguridad y Tr\u00e1nsito y representantes de la Polic\u00eda de Corrientes.<\/p>\n<p>&nbsp;<\/p>\n<p dir=\"ltr\">En la ocasi\u00f3n, acordaron intensificar los controles en distintos puntos de la ciudad, con el fin de prevenir accidentes y promover una convivencia vial segura.<\/p>\n<p dir=\"ltr\"><img loading=\"lazy\" decoding=\"async\" class=\"alignnone size-medium wp-image-5484\" src=\"https:\/\/elpueblonoticia.com.ar\/web\/wp-content\/uploads\/2026\/01\/Bicicleta-en-accidente-de-transito-300x199.jpg\" alt=\"\" width=\"300\" height=\"199\" srcset=\"https:\/\/elpueblonoticia.com.ar\/web\/wp-content\/uploads\/2026\/01\/Bicicleta-en-accidente-de-transito-300x199.jpg 300w, https:\/\/elpueblonoticia.com.ar\/web\/wp-content\/uploads\/2026\/01\/Bicicleta-en-accidente-de-transito-768x509.jpg 768w, https:\/\/elpueblonoticia.com.ar\/web\/wp-content\/uploads\/2026\/01\/Bicicleta-en-accidente-de-transito-634x420.jpg 634w, https:\/\/elpueblonoticia.com.ar\/web\/wp-content\/uploads\/2026\/01\/Bicicleta-en-accidente-de-transito-696x461.jpg 696w, https:\/\/elpueblonoticia.com.ar\/web\/wp-content\/uploads\/2026\/01\/Bicicleta-en-accidente-de-transito.jpg 1024w\" sizes=\"auto, (max-width: 300px) 100vw, 300px\" \/><\/p>\n","protected":false},"excerpt":{"rendered":"<p>Info general 14 de Enero de 2026 El concejal de Paso de los Libres, Fernando N\u00fa\u00f1ez, particip\u00f3 en una reuni\u00f3n encabezada por el intendente Agust\u00edn Faraldo en la que se acord\u00f3 reforzar los controles de tr\u00e1nsito para evitar que los menores hagan maniobras peligrosas. Al finalizar el encuentro el edil expres\u00f3:\u00a0\u201cLes pedimos a los ciclistas [&hellip;]<\/p>\n","protected":false},"author":2,"featured_media":5485,"comment_status":"open","ping_status":"open","sticky":false,"template":"","format":"standard","meta":{"footnotes":""},"categories":[77],"tags":[],"class_list":{"0":"post-5483","1":"post","2":"type-post","3":"status-publish","4":"format-standard","5":"has-post-thumbnail","7":"category-paso-de-los-libres"},"_links":{"self":[{"href":"https:\/\/elpueblonoticia.com.ar\/web\/wp-json\/wp\/v2\/posts\/5483","targetHints":{"allow":["GET"]}}],"collection":[{"href":"https:\/\/elpueblonoticia.com.ar\/web\/wp-json\/wp\/v2\/posts"}],"about":[{"href":"https:\/\/elpueblonoticia.com.ar\/web\/wp-json\/wp\/v2\/types\/post"}],"author":[{"embeddable":true,"href":"https:\/\/elpueblonoticia.com.ar\/web\/wp-json\/wp\/v2\/users\/2"}],"replies":[{"embeddable":true,"href":"https:\/\/elpueblonoticia.com.ar\/web\/wp-json\/wp\/v2\/comments?post=5483"}],"version-history":[{"count":1,"href":"https:\/\/elpueblonoticia.com.ar\/web\/wp-json\/wp\/v2\/posts\/5483\/revisions"}],"predecessor-version":[{"id":5486,"href":"https:\/\/elpueblonoticia.com.ar\/web\/wp-json\/wp\/v2\/posts\/5483\/revisions\/5486"}],"wp:featuredmedia":[{"embeddable":true,"href":"https:\/\/elpueblonoticia.com.ar\/web\/wp-json\/wp\/v2\/media\/5485"}],"wp:attachment":[{"href":"https:\/\/elpueblonoticia.com.ar\/web\/wp-json\/wp\/v2\/media?parent=5483"}],"wp:term":[{"taxonomy":"category","embeddable":true,"href":"https:\/\/elpueblonoticia.com.ar\/web\/wp-json\/wp\/v2\/categories?post=5483"},{"taxonomy":"post_tag","embeddable":true,"href":"https:\/\/elpueblonoticia.com.ar\/web\/wp-json\/wp\/v2\/tags?post=5483"}],"curies":[{"name":"wp","href":"https:\/\/api.w.org\/{rel}","templated":true}]}}