{"id":5474,"date":"2026-01-14T07:57:52","date_gmt":"2026-01-14T10:57:52","guid":{"rendered":"https:\/\/elpueblonoticia.com.ar\/web\/?p=5474"},"modified":"2026-01-14T07:57:52","modified_gmt":"2026-01-14T10:57:52","slug":"la-principal-textil-del-pais-cerro-una-planta-en-tucuman-y-suspendio-a-190-trabajadores","status":"publish","type":"post","link":"https:\/\/elpueblonoticia.com.ar\/web\/2026\/01\/14\/la-principal-textil-del-pais-cerro-una-planta-en-tucuman-y-suspendio-a-190-trabajadores\/","title":{"rendered":"La principal textil del pa\u00eds cerr\u00f3 una planta en Tucum\u00e1n y suspendi\u00f3 a 190 trabajadores"},"content":{"rendered":"<p>La compa\u00f1\u00eda suspendi\u00f3 su producci\u00f3n por tiempo indeterminado. La firma reubicar\u00e1 a los operarios en otras empresas de la provincia. En los \u00faltimos meses ya hab\u00eda tomado decisiones similares en Corrientes y en La Rioja<\/p>\n<div>Como consecuencia de la ca\u00edda del consumo, la presi\u00f3n de las importaciones -tanto de ropa nueva, como usada- y la dificultad que tienen las empresas argentinas para financiarse, la compa\u00f1\u00eda textil TN &amp; Platex cerr\u00f3 por tiempo indefinido su planta de Los Guti\u00e9rrez, en la provincia de Tucum\u00e1n.<\/div>\n<div><\/div>\n<div>Esta decisi\u00f3n implic\u00f3 la suspensi\u00f3n de 190 empleados. Seg\u00fan informaron fuentes con conocimiento del caso a Infobae, la empresa est\u00e1 en conversaciones con otras siete compa\u00f1\u00edas de diversos sectores productivos con base en Tucum\u00e1n para poder reubicar al resto de los trabajadores suspendidos.<\/div>\n<div><\/div>\n<div>Seg\u00fan la informaci\u00f3n a la que accedi\u00f3 este medio, dos de los ingenios azucareros m\u00e1s grandes de la provincia ya entrevistaron personal, as\u00ed como otras firmas ligadas al sector agroindustrial, de limpieza y vidrio.<\/div>\n<div><\/div>\n<div>Adem\u00e1s, entre 30 y 35 trabajadores quedar\u00e1n realizando tareas administrativas y log\u00edsticas en la planta tucumana, mientras que otros 12 empleados ser\u00e1n reubicados en otras f\u00e1bricas de la compa\u00f1\u00eda.<\/div>\n<div><\/div>\n<div><b>Crisis productiva<\/b><\/div>\n<div><\/div>\n<div>A pesar de que la comunicaci\u00f3n oficial de la compa\u00f1\u00eda refiere a una suspensi\u00f3n, en el sector desconf\u00edan de la posibilidad de retomar la producci\u00f3n en el corto o mediano plazo. De hecho, la condici\u00f3n para reabrir la planta es una mejora del contexto, tanto productivo -respecto a las condiciones de competitividad-, como econ\u00f3mico a nivel nacional.<\/div>\n<div><\/div>\n<div>Esta noticia lleg\u00f3 pocas semanas despu\u00e9s de que la misma firma suspendiera una l\u00ednea de producci\u00f3n de indumentaria en otra de sus f\u00e1bricas en La Rioja. La decisi\u00f3n incluy\u00f3 la desvinculaci\u00f3n de 50 personas y la no renovaci\u00f3n de 12 contratos laborales.<\/div>\n<div><\/div>\n<div>Anteriormente, en noviembre del a\u00f1o pasado, el mismo grupo empresario hab\u00eda anunciado otra reestructuraci\u00f3n en la planta de Monte Caseros, en provincia de Corrientes. En ese entonces, la empresa recort\u00f3 la fabricaci\u00f3n de prendas deportivas y ropa interior (l\u00ednea Seamless). Seg\u00fan trascendi\u00f3, ese ajuste deriv\u00f3 en 17 despidos directos.<\/div>\n<div><\/div>\n<div>La compa\u00f1\u00eda prove\u00eda tanto a marcas propias (DFAC y Xpirit) como a terceros, abarcando distintos segmentos del mercado nacional, seg\u00fan informaci\u00f3n recabada por este medio.<\/div>\n<div><\/div>\n<div>Todas estas decisiones, resalt\u00f3 la empresa en diversas oportunidades, fueron consecuencia de la ca\u00edda en la demanda interna, as\u00ed como del ingreso cada vez m\u00e1s predominante de ropa importada.<\/div>\n<div><\/div>\n<div>La industria textil con niveles pand\u00e9micos<\/div>\n<div>El sector textil argentino atraviesa uno de los momentos m\u00e1s cr\u00edticos de los \u00faltimos a\u00f1os. Seg\u00fan un informe realizado por la Federaci\u00f3n de Industrias Textiles Argentinas (FITA), en octubre de 2025, la actividad textil mostr\u00f3 una baja interanual del 24%, muy superior al promedio general de la industria manufacturera, que retrocedi\u00f3 2,9% en ese lapso.<\/div>\n<div><\/div>\n<div>Las estad\u00edsticas oficiales se\u00f1alan que el nivel de producci\u00f3n alcanzado es comparable al de los tramos m\u00e1s dif\u00edciles de la pandemia, reflejando la magnitud de la crisis en el sector.<\/div>\n<div><\/div>\n<div>Adem\u00e1s, la utilizaci\u00f3n de la capacidad instalada en la industria textil descendi\u00f3 al 32,5% en octubre, lo que representa una disminuci\u00f3n de 4,6 puntos porcentuales frente al mes anterior y de 15,3 puntos en relaci\u00f3n con octubre de 2024.<\/div>\n<div><\/div>\n<div>El sector tambi\u00e9n sufri\u00f3 una reducci\u00f3n sostenida en la cantidad de puestos formales. Para septiembre del a\u00f1o pasado -\u00faltimos datos disponibles- se registraron 105.000 empleos formales en estas actividades, lo que representa una disminuci\u00f3n de 2.000 puestos respecto a agosto y una ca\u00edda de 8.000 frente al mismo mes del a\u00f1o anterior. Desde diciembre de 2023, la p\u00e9rdida acumulada supera los 16.000 empleos en todo el pa\u00eds.<\/div>\n<div><\/div>\n<div>Importaci\u00f3n de ropa usada<\/div>\n<div>Si bien hasta 2022 la entrada de ropa usada al pa\u00eds estaba restringida por razones sanitarias y para proteger la producci\u00f3n local, la falta de renovaci\u00f3n de la prohibici\u00f3n en aquel a\u00f1o y la posterior flexibilizaci\u00f3n normativa en 2024 durante el actual gobierno habilitaron el ingreso masivo de prendas provenientes de otros pa\u00edses.<\/div>\n<div><\/div>\n<div>Para 2025, inform\u00f3 la fundaci\u00f3n ProTejer, la importaci\u00f3n de ropa usada mostr\u00f3 un crecimiento sin precedentes, con un incremento superior al 11.000% en valor y al 26.000% en cantidad respecto al a\u00f1o anterior.<\/div>\n<div><\/div>\n<div>El 84% de estos productos ingres\u00f3 por la Aduana de Jujuy, con Chile como principal pa\u00eds de procedencia. Esta avalancha de prendas, muchas de ellas de baja calidad y compuestas por fibras sint\u00e9ticas, desplaz\u00f3 la producci\u00f3n nacional, afectando tanto a la industria como al empleo formal en el sector.<\/div>\n<div><\/div>\n<div>De hecho, la ropa usada ya tiene una participaci\u00f3n significativa dentro del total de prendas importadas por el pa\u00eds. Medida en volumen, ya representa el 11% del total.<\/div>\n<div><\/div>\n<div>De acuerdo con datos de la entidad, entre enero y octubre, las importaciones de ropa usada alcanzaron los USD 3.732.384 FOB y un total de 3.521.456 kilos. En comparaci\u00f3n con el mismo per\u00edodo del a\u00f1o anterior, el salto fue extraordinario: el valor importado se dispar\u00f3 un 11.728%, mientras que las cantidades crecieron un 26.538 por ciento.<\/div>\n","protected":false},"excerpt":{"rendered":"<p>La compa\u00f1\u00eda suspendi\u00f3 su producci\u00f3n por tiempo indeterminado. La firma reubicar\u00e1 a los operarios en otras empresas de la provincia. En los \u00faltimos meses ya hab\u00eda tomado decisiones similares en Corrientes y en La Rioja Como consecuencia de la ca\u00edda del consumo, la presi\u00f3n de las importaciones -tanto de ropa nueva, como usada- y la [&hellip;]<\/p>\n","protected":false},"author":2,"featured_media":5475,"comment_status":"open","ping_status":"open","sticky":false,"template":"","format":"standard","meta":{"footnotes":""},"categories":[65],"tags":[],"class_list":{"0":"post-5474","1":"post","2":"type-post","3":"status-publish","4":"format-standard","5":"has-post-thumbnail","7":"category-economia"},"_links":{"self":[{"href":"https:\/\/elpueblonoticia.com.ar\/web\/wp-json\/wp\/v2\/posts\/5474","targetHints":{"allow":["GET"]}}],"collection":[{"href":"https:\/\/elpueblonoticia.com.ar\/web\/wp-json\/wp\/v2\/posts"}],"about":[{"href":"https:\/\/elpueblonoticia.com.ar\/web\/wp-json\/wp\/v2\/types\/post"}],"author":[{"embeddable":true,"href":"https:\/\/elpueblonoticia.com.ar\/web\/wp-json\/wp\/v2\/users\/2"}],"replies":[{"embeddable":true,"href":"https:\/\/elpueblonoticia.com.ar\/web\/wp-json\/wp\/v2\/comments?post=5474"}],"version-history":[{"count":2,"href":"https:\/\/elpueblonoticia.com.ar\/web\/wp-json\/wp\/v2\/posts\/5474\/revisions"}],"predecessor-version":[{"id":5477,"href":"https:\/\/elpueblonoticia.com.ar\/web\/wp-json\/wp\/v2\/posts\/5474\/revisions\/5477"}],"wp:featuredmedia":[{"embeddable":true,"href":"https:\/\/elpueblonoticia.com.ar\/web\/wp-json\/wp\/v2\/media\/5475"}],"wp:attachment":[{"href":"https:\/\/elpueblonoticia.com.ar\/web\/wp-json\/wp\/v2\/media?parent=5474"}],"wp:term":[{"taxonomy":"category","embeddable":true,"href":"https:\/\/elpueblonoticia.com.ar\/web\/wp-json\/wp\/v2\/categories?post=5474"},{"taxonomy":"post_tag","embeddable":true,"href":"https:\/\/elpueblonoticia.com.ar\/web\/wp-json\/wp\/v2\/tags?post=5474"}],"curies":[{"name":"wp","href":"https:\/\/api.w.org\/{rel}","templated":true}]}}