{"id":5442,"date":"2026-01-13T20:49:00","date_gmt":"2026-01-13T23:49:00","guid":{"rendered":"https:\/\/elpueblonoticia.com.ar\/web\/?p=5442"},"modified":"2026-01-13T20:49:00","modified_gmt":"2026-01-13T23:49:00","slug":"valdes-anticipo-una-reunion-con-legisladores-nacionales-para-analizar-la-reforma-laboral","status":"publish","type":"post","link":"https:\/\/elpueblonoticia.com.ar\/web\/2026\/01\/13\/valdes-anticipo-una-reunion-con-legisladores-nacionales-para-analizar-la-reforma-laboral\/","title":{"rendered":"Vald\u00e9s anticip\u00f3 una reuni\u00f3n con legisladores nacionales para analizar la Reforma laboral"},"content":{"rendered":"<p>El gobernador de la provincia, Juan Pablo Vald\u00e9s, en di\u00e1logo con Radio Dos, se refiri\u00f3 a los principales temas que forman parte de su agenda de gesti\u00f3n, entre ellos la Reforma laboral que se debatir\u00e1 en el Congreso de la Naci\u00f3n, la situaci\u00f3n financiera provincial y el contexto clim\u00e1tico que afecta a distintas localidades.<\/p>\n<p>En relaci\u00f3n con la Reforma laboral, el mandatario provincial confirm\u00f3 que mantendr\u00e1 encuentros con representantes del Congreso. &#8220;Esta semana vamos a tener una reuni\u00f3n con legisladores nacionales para analizar la Reforma laboral. Hay puntos que tenemos que estudiar, ver los pros y los contras, para que no se alteren los derechos de los trabajadores&#8221;, sostuvo Vald\u00e9s, remarcando la necesidad de un an\u00e1lisis responsable del proyecto.<\/p>\n<p>Consultado sobre una posible reuni\u00f3n con el ministro del Interior, Diego Santilli, el gobernador indic\u00f3 que por el momento no hay confirmaciones: &#8220;No tengo confirmaci\u00f3n&#8221;, expres\u00f3.<\/p>\n<p>Respecto al v\u00ednculo con el Gobierno Nacional, Vald\u00e9s se\u00f1al\u00f3 que el \u00faltimo contacto estuvo vinculado a la emergencia h\u00eddrica en el interior provincial. &#8220;El \u00faltimo contacto que tuvimos fue por la situaci\u00f3n que vivimos en San Luis del Palmar y por las obras que necesitamos como parte de la soluci\u00f3n para mitigar la grave situaci\u00f3n que atraviesa la localidad. Hoy por hoy no se ha vuelto a tener contacto&#8221;, explic\u00f3.<\/p>\n<p>En cuanto al impacto de las lluvias y la crecida de los r\u00edos, el gobernador se refiri\u00f3 a la situaci\u00f3n en San Roque, donde el desborde del r\u00edo Santa Luc\u00eda provoc\u00f3 evacuaciones. &#8220;Hay evacuados, esperamos que la situaci\u00f3n se mantenga estable, y seguimos trabajando con la gente de San Luis del Palmar&#8221;, afirm\u00f3.<\/p>\n<p>Finalmente, Vald\u00e9s volvi\u00f3 a manifestar su preocupaci\u00f3n por la ca\u00edda de los recursos coparticipables. &#8220;La coparticipaci\u00f3n no creci\u00f3, viene baja. Esperamos que se reacomode y que podamos contar con los recursos necesarios para administrar normalmente la provincia&#8221;, concluy\u00f3.<\/p>\n","protected":false},"excerpt":{"rendered":"<p>El gobernador de la provincia, Juan Pablo Vald\u00e9s, en di\u00e1logo con Radio Dos, se refiri\u00f3 a los principales temas que forman parte de su agenda de gesti\u00f3n, entre ellos la Reforma laboral que se debatir\u00e1 en el Congreso de la Naci\u00f3n, la situaci\u00f3n financiera provincial y el contexto clim\u00e1tico que afecta a distintas localidades. En [&hellip;]<\/p>\n","protected":false},"author":2,"featured_media":5443,"comment_status":"open","ping_status":"open","sticky":false,"template":"","format":"standard","meta":{"footnotes":""},"categories":[78],"tags":[],"class_list":{"0":"post-5442","1":"post","2":"type-post","3":"status-publish","4":"format-standard","5":"has-post-thumbnail","7":"category-generales"},"_links":{"self":[{"href":"https:\/\/elpueblonoticia.com.ar\/web\/wp-json\/wp\/v2\/posts\/5442","targetHints":{"allow":["GET"]}}],"collection":[{"href":"https:\/\/elpueblonoticia.com.ar\/web\/wp-json\/wp\/v2\/posts"}],"about":[{"href":"https:\/\/elpueblonoticia.com.ar\/web\/wp-json\/wp\/v2\/types\/post"}],"author":[{"embeddable":true,"href":"https:\/\/elpueblonoticia.com.ar\/web\/wp-json\/wp\/v2\/users\/2"}],"replies":[{"embeddable":true,"href":"https:\/\/elpueblonoticia.com.ar\/web\/wp-json\/wp\/v2\/comments?post=5442"}],"version-history":[{"count":1,"href":"https:\/\/elpueblonoticia.com.ar\/web\/wp-json\/wp\/v2\/posts\/5442\/revisions"}],"predecessor-version":[{"id":5444,"href":"https:\/\/elpueblonoticia.com.ar\/web\/wp-json\/wp\/v2\/posts\/5442\/revisions\/5444"}],"wp:featuredmedia":[{"embeddable":true,"href":"https:\/\/elpueblonoticia.com.ar\/web\/wp-json\/wp\/v2\/media\/5443"}],"wp:attachment":[{"href":"https:\/\/elpueblonoticia.com.ar\/web\/wp-json\/wp\/v2\/media?parent=5442"}],"wp:term":[{"taxonomy":"category","embeddable":true,"href":"https:\/\/elpueblonoticia.com.ar\/web\/wp-json\/wp\/v2\/categories?post=5442"},{"taxonomy":"post_tag","embeddable":true,"href":"https:\/\/elpueblonoticia.com.ar\/web\/wp-json\/wp\/v2\/tags?post=5442"}],"curies":[{"name":"wp","href":"https:\/\/api.w.org\/{rel}","templated":true}]}}