{"id":5438,"date":"2026-01-13T20:35:18","date_gmt":"2026-01-13T23:35:18","guid":{"rendered":"https:\/\/elpueblonoticia.com.ar\/web\/?p=5438"},"modified":"2026-01-13T20:35:18","modified_gmt":"2026-01-13T23:35:18","slug":"segun-indec-la-inflacion-de-diciembre-fue-del-28-en-cuanto-quedo-el-ipc-anual","status":"publish","type":"post","link":"https:\/\/elpueblonoticia.com.ar\/web\/2026\/01\/13\/segun-indec-la-inflacion-de-diciembre-fue-del-28-en-cuanto-quedo-el-ipc-anual\/","title":{"rendered":"Seg\u00fan Indec, la inflaci\u00f3n de diciembre fue del 2,8%: en cu\u00e1nto qued\u00f3 el IPC anual"},"content":{"rendered":"<p><strong>Lejos de &#8220;ser historia&#8221; como dice el gobierno de Javier Milei, el \u00cdndice de Precios al Consumidor (IPC) volvi\u00f3 a quedar por encima de las expectativas libertarias.<\/strong><\/p>\n<p>&nbsp;<\/p>\n<section class=\"detail-body first-paragraph\">\n<section class=\"body-content note-body content-protected-false\" data-twitter-link=\"&lt;a href=\">El\u00a0<strong>Instituto Nacional de Estad\u00edstica y Censos de la Rep\u00fablica Argentina (INDEC)<\/strong>\u00a0inform\u00f3 que<strong>\u00a0la inflaci\u00f3n de diciembre fue del 2,8%<\/strong>, muy alejado del relato del gobierno de Javier Milei al respecto de que el \u00cdndice de Precios al Consumidor (IPC) &#8220;desaparecer\u00eda&#8221; en alg\u00fan momento.<\/p>\n<p><img decoding=\"async\" src=\"https:\/\/media.minutouno.com\/p\/f2d28d0e7d4aaf27c2609d7834dcef45\/adjuntos\/150\/imagenes\/043\/021\/0043021548\/supermercado-inflacion.jpg\" alt=\"Seg\u00fan Indec, la inflaci\u00f3n de diciembre fue del 2,8%: en cu\u00e1nto qued\u00f3 el IPC anual\" data-src=\"https:\/\/media.minutouno.com\/p\/f2d28d0e7d4aaf27c2609d7834dcef45\/adjuntos\/150\/imagenes\/043\/021\/0043021548\/supermercado-inflacion.jpg\" \/><\/p>\n<\/section>\n<\/section>\n<section class=\"detail-body second-paragraph\">\n<section class=\"body-content note-body content-protected-false\">De esta manera, el IPC marca un ascenso por s\u00e9ptimo mes consecutivo, dejando a\u00a0<strong>la inflaci\u00f3n total de 2025 en 31,5%<\/strong>, lo que representa una desaceleraci\u00f3n de m\u00e1s de 80 puntos respecto al 117,8% con el que hab\u00eda cerrado el 2024. De todos modos, este dato sigue sin ser lo esperado por la gesti\u00f3n libertaria que sue\u00f1a con la inflaci\u00f3n cero.<\/p>\n<p>&nbsp;<\/p>\n<p><img loading=\"lazy\" decoding=\"async\" src=\"https:\/\/media.minutouno.com\/p\/b8d38f5880f8ada61694cc3e1a50c025\/adjuntos\/150\/imagenes\/043\/094\/0043094696\/610x0\/smart\/image.png\" width=\"710\" height=\"661\" data-src=\"https:\/\/media.minutouno.com\/p\/b8d38f5880f8ada61694cc3e1a50c025\/adjuntos\/150\/imagenes\/043\/094\/0043094696\/610x0\/smart\/image.png\" \/><\/p>\n<\/section>\n<\/section>\n","protected":false},"excerpt":{"rendered":"<p>Lejos de &#8220;ser historia&#8221; como dice el gobierno de Javier Milei, el \u00cdndice de Precios al Consumidor (IPC) volvi\u00f3 a quedar por encima de las expectativas libertarias. &nbsp; El\u00a0Instituto Nacional de Estad\u00edstica y Censos de la Rep\u00fablica Argentina (INDEC)\u00a0inform\u00f3 que\u00a0la inflaci\u00f3n de diciembre fue del 2,8%, muy alejado del relato del gobierno de Javier Milei [&hellip;]<\/p>\n","protected":false},"author":2,"featured_media":5439,"comment_status":"open","ping_status":"open","sticky":false,"template":"","format":"standard","meta":{"footnotes":""},"categories":[65],"tags":[],"class_list":{"0":"post-5438","1":"post","2":"type-post","3":"status-publish","4":"format-standard","5":"has-post-thumbnail","7":"category-economia"},"_links":{"self":[{"href":"https:\/\/elpueblonoticia.com.ar\/web\/wp-json\/wp\/v2\/posts\/5438","targetHints":{"allow":["GET"]}}],"collection":[{"href":"https:\/\/elpueblonoticia.com.ar\/web\/wp-json\/wp\/v2\/posts"}],"about":[{"href":"https:\/\/elpueblonoticia.com.ar\/web\/wp-json\/wp\/v2\/types\/post"}],"author":[{"embeddable":true,"href":"https:\/\/elpueblonoticia.com.ar\/web\/wp-json\/wp\/v2\/users\/2"}],"replies":[{"embeddable":true,"href":"https:\/\/elpueblonoticia.com.ar\/web\/wp-json\/wp\/v2\/comments?post=5438"}],"version-history":[{"count":1,"href":"https:\/\/elpueblonoticia.com.ar\/web\/wp-json\/wp\/v2\/posts\/5438\/revisions"}],"predecessor-version":[{"id":5440,"href":"https:\/\/elpueblonoticia.com.ar\/web\/wp-json\/wp\/v2\/posts\/5438\/revisions\/5440"}],"wp:featuredmedia":[{"embeddable":true,"href":"https:\/\/elpueblonoticia.com.ar\/web\/wp-json\/wp\/v2\/media\/5439"}],"wp:attachment":[{"href":"https:\/\/elpueblonoticia.com.ar\/web\/wp-json\/wp\/v2\/media?parent=5438"}],"wp:term":[{"taxonomy":"category","embeddable":true,"href":"https:\/\/elpueblonoticia.com.ar\/web\/wp-json\/wp\/v2\/categories?post=5438"},{"taxonomy":"post_tag","embeddable":true,"href":"https:\/\/elpueblonoticia.com.ar\/web\/wp-json\/wp\/v2\/tags?post=5438"}],"curies":[{"name":"wp","href":"https:\/\/api.w.org\/{rel}","templated":true}]}}