{"id":5434,"date":"2026-01-13T20:27:34","date_gmt":"2026-01-13T23:27:34","guid":{"rendered":"https:\/\/elpueblonoticia.com.ar\/web\/?p=5434"},"modified":"2026-01-13T20:27:34","modified_gmt":"2026-01-13T23:27:34","slug":"una-ola-gigante-causo-un-muerto-y-35-heridos-en-mar-chiquita","status":"publish","type":"post","link":"https:\/\/elpueblonoticia.com.ar\/web\/2026\/01\/13\/una-ola-gigante-causo-un-muerto-y-35-heridos-en-mar-chiquita\/","title":{"rendered":"Una ola gigante caus\u00f3 un muerto y 35 heridos en Mar Chiquita"},"content":{"rendered":"<p>As\u00ed lo confirm\u00f3 Defensa Civil de la Provincia; la persona que falleci\u00f3 era un joven marplatense de 29 a\u00f1os; el fen\u00f3meno afect\u00f3 tambi\u00e9n a Mar del Plata. En principio la v\u00edctima, que estaba con su pareja a pocos metros, habr\u00eda ca\u00eddo por la fuerza de esas olas cuando caminaba con el agua no m\u00e1s all\u00e1 de las rodillas. \u201cNo sab\u00eda nadar\u201d, acotaron quienes lo conoc\u00edan.<\/p>\n<p>Una serie de olas potentes que avanzaron este lunes sobre la costa, luego de una inesperada y pronunciada bajamar, hizo estragos en gran parte de las playas de esta ciudad, Santa Clara del Mar y Mar Chiquita, que derivaron en decenas de rescates de ba\u00f1istas por parte de guardavidas, 35 heridos y la muerte de una persona.<\/p>\n<p>Seg\u00fan pudo saber LA NACION, la v\u00edctima fatal era un marplatense de 29 a\u00f1os, identificado como Yair Manno. El joven estaba en cercan\u00edas de un grupo de pescadores en un sector de la laguna de Mar Chiquita cuando ingres\u00f3 esa potente corriente que encontr\u00f3 en la costa a decenas de miles de personas, a media tarde, en una jornada a pleno sol y con picos de m\u00e1s de 38 grados de temperatura.<\/p>\n<p>En el caso trabaja el fiscal Ramiro Anchou, del Departamento Judicial Mar del Plata, que inici\u00f3 investigaci\u00f3n por averiguaci\u00f3n de causales de muerte y los indicios ser\u00edan un fallecimiento a consecuencia de asfixia por inmersi\u00f3n.<\/p>\n<p>En principio la v\u00edctima, que estaba con su pareja a pocos metros, habr\u00eda ca\u00eddo por la fuerza de esas olas cuando caminaba con el agua no m\u00e1s all\u00e1 de las rodillas. \u201cNo sab\u00eda nadar\u201d, acotaron quienes lo conoc\u00edan. Fue arrastrado por la correntada y no logr\u00f3 ser asistido a tiempo, ya que la mayor\u00eda de la gente, en medio del caos, intent\u00f3 la retirada y buscar a los suyos, en procura de asegurarse lo m\u00e1s lejos posible del mar. El fallecimiento tambi\u00e9n fue confirmado por Fabi\u00e1n Garc\u00eda, director de Defensa Civil bonaerense.<\/p>\n<p>Andrea Lezcano, directora de Seguridad en Playas de Mar Chiquita, tambi\u00e9n confirm\u00f3 este fen\u00f3meno que sorprendi\u00f3 a toda la costa del distrito, desde Santa Clara hasta la Laguna de Mar Chiquita, escenario de la tragedia. En ese orden, tambi\u00e9n aclar\u00f3, se fue dando el avance de la ola sobre tierra.<\/p>\n<p>\u201cHab\u00eda seis pescadores y un ba\u00f1ista que estaba con el agua en las rodillas, se gener\u00f3 una ola y los arrastr\u00f3 contra el sector de la reserva, del otro lado de la laguna\u201d, explicaron sobre una situaci\u00f3n que implic\u00f3 la primera asistencia de pescadores que estaban en la zona y luego un bote de excursiones de pesca que fue a rescatar a la v\u00edctima, con guardavidas y un desfibrilador. La v\u00edctima fue trasladada al centro de salud, pero ya sin signos vitales.<\/p>\n<p>La muerte se registr\u00f3 en la denominada \u201cboca\u201d de la Laguna de Mar Chiquita, all\u00ed donde las corrientes ingresan al territorio de este balneario, dando forma a uno de los \u00fanicos espejos de agua salada. Es tambi\u00e9n uno de los puntos pesqueros m\u00e1s buscados por los amantes de esta actividad deportiva. \u201cSe lo llev\u00f3 a una zona m\u00e1s profunda y el muchacho no sab\u00eda nadar\u201d, describi\u00f3 uno de los guardavidas y dijo que la misma fuerza del mar lo arrastr\u00f3 hacia el sector m\u00e1s alejado del puesto de seguridad.<\/p>\n<p>En Santa Clara del Mar se dio una complicaci\u00f3n con otros ba\u00f1istas que, en coincidencia con esta gran ola, sufri\u00f3 un paro card\u00edaco. Pudo ser asistido sobre la playa por los guardavidas, trasladado en ambulancia e internado en Mar del Plata. En principio, fuera de peligro.<\/p>\n<p>Como consecuencia del efecto de arrastre de estas olas violentas se reportaron, tambi\u00e9n a partir de datos aportados por el municipio, unos 35 heridos con distintas lesiones que incluyen golpes y cortes, pero en ning\u00fan caso de gravedad.<\/p>\n<p>Quienes vivieron esta situaci\u00f3n refieren la desesperaci\u00f3n que gener\u00f3, en particular porque arras\u00f3 todo lo que hab\u00eda en la orilla, desde reposeras a sombrillas. Y encontr\u00f3 a gran cantidad de gente en el agua, lo que demand\u00f3 asistirse unos a otros, en particular a los m\u00e1s peque\u00f1os y los adultos mayores.<\/p>\n<p>\u201cNunca vi nada igual\u201d, asegur\u00f3 Maximiliano Prensky, guardavidas de la zona de El Torre\u00f3n. Describi\u00f3 que vino \u201cun mini tsunami\u201d que hizo correr a la gente en busca de superficie seca y segura, en la arena. \u201cSacamos a seis o siete personas mayores y a silbatazo sacamos a la gente del agua\u201d, dijo a LA NACION.<\/p>\n<p>Este paso fue el que sigui\u00f3 a una inesperada y muy pronunciada bajamar que gener\u00f3 una enorme superficie de playa. Frente al calor, la gente avanz\u00f3 y se acomod\u00f3 tan cerca como pudo de ese l\u00edmite al que llegaba el mar, siempre en busca del fen\u00f3meno refrescante.<\/p>\n<p>Lo que sigui\u00f3 a continuaci\u00f3n fue la crecida, en olas sucesivas, de no tanta altura pero si con mucha fuerza. \u201cTomamos la moto de agua porque los botes estaban en rescates\u201d, dijo sobre el apoyo de m\u00f3viles que tuvieron que desplegar. Incluso para rescatar a nadadores que en la zona frecuentan con recorridos extensos. \u201cSe gener\u00f3 como un agujero negro en la punta de la escollera\u201d, asegur\u00f3 Prensky y agreg\u00f3: \u201cLo que se vivi\u00f3 \u201cnunca lo hab\u00edamos visto por aqu\u00ed\u201d.<\/p>\n<p>Situaci\u00f3n muy similar reportan desde el sector de Punta Mogotes, donde se multiplicaron las corridas porque el mar avanz\u00f3 de repente, firme y gan\u00f3 terreno en segundos. \u201cM\u00e1s de 50 metros m\u00e1s all\u00e1 de donde cinco minutos hab\u00eda estado\u201d, explicaron.<\/p>\n<p>Desde La Caleta, en el partido de Mar Chiquita, ba\u00f1istas tambi\u00e9n reportaron a LA NACION que fueron dos olas sucesivas y sostenidas las que avanzaron. All\u00ed, donde la playa es angosta, el mar avanz\u00f3 sobre casi toda la superficie. \u201cSe llevaba reposeras, ojotas, todo lo que estaba sobre la arena\u201d, contaron. \u201cSe retir\u00f3 el mar, est\u00e1bamos con el agua arriba de los tobillos y en cinco segundos la ten\u00edamos a la altura del pecho\u201d, cont\u00f3 Gast\u00f3n, que estaba en la zona entre Cobo y La Caleta. \u201cAlcanzamos a agarrar a los chicos, que se asustaron y lloraban, no entend\u00edamos qu\u00e9 pas\u00f3\u201d, dijo.<\/p>\n<p>Desde la Municipalidad de Mar Chiquita describieron el episodio como una \u201cs\u00faper ola\u201d o \u201cmini tsunami\u201d que demand\u00f3 la intervenci\u00f3n de las distintas \u00e1reas de servicio de Seguridad en Playas.<\/p>\n<p>La v\u00edctima<br \/>\nSeg\u00fan pudo saber LA NACION, un marplatense de 29 a\u00f1os, identificado como Yair Manno, muri\u00f3 tras ser arrastrado por el mar.<\/p>\n<p>La v\u00edctima hab\u00eda viajado hasta la costa argentina para vacacionar con su novia francesa, pese a haberse mudado y ser residente en Francia desde hace por lo menos ocho a\u00f1os, en donde se desempe\u00f1aba como jinete de caballos.<\/p>\n<p>Manno era un destacado deportista argentino en el ambiente del endurance. En la actualidad ocupa el puesto 365 de la FEI Endurance Open Riders World Ranking, pero en 2024 supo convertirse en el mejor atleta de la PAEC NF (Pan-American Equestrian Confederation) trepando hasta el puesto 19\u00b0. Adem\u00e1s, ocup\u00f3 el puesto 14\u00ba en el ranking mundial de Gold Elite Riders, seg\u00fan destaca la Federaci\u00f3n Ecuestre Argentina.<\/p>\n<p>Alejandro Bolufer, coordinador de Guardavidas, dijo que lo rescataron en la laguna de Mar Chiquita con apoyo de un bote, junto con otros j\u00f3venes que tambi\u00e9n fueron rescatados por el personal a cargo de cuidar a los ba\u00f1istas.<\/p>\n<p>\u201cFue una ola repentina, de arrastre, en un segundo nos agarr\u00f3 desprevenidos a todos\u201d, dijo a Teleocho Informa y asegur\u00f3 que todo \u201cfue muy r\u00e1pido\u201d y que dur\u00f3 \u201c30 o 40 segundos\u201d.<\/p>\n<p>Alejandro Acciaressi, tambi\u00e9n miembro de la coordinaci\u00f3n del servicio de guardavidas en Mar Chiquita, insisti\u00f3 que lo que pas\u00f3 \u201cno fue una ola\u201d, sino \u201cuna crecida repentina e inesperada\u201d.<\/p>\n<p>El reporte oficial de ese municipio record\u00f3 que tras el suceso fenomenal se dispuso la evacuaci\u00f3n inmediata de playas y que si bien estaba previsto un aumento de viento, \u201cno hab\u00eda manera de prever la magnitud de olas que pod\u00eda generar\u201d.<\/p>\n<p>Por Dar\u00edo Palavecino<\/p>\n<p>La Naci\u00f3n<\/p>\n","protected":false},"excerpt":{"rendered":"<p>As\u00ed lo confirm\u00f3 Defensa Civil de la Provincia; la persona que falleci\u00f3 era un joven marplatense de 29 a\u00f1os; el fen\u00f3meno afect\u00f3 tambi\u00e9n a Mar del Plata. En principio la v\u00edctima, que estaba con su pareja a pocos metros, habr\u00eda ca\u00eddo por la fuerza de esas olas cuando caminaba con el agua no m\u00e1s all\u00e1 [&hellip;]<\/p>\n","protected":false},"author":2,"featured_media":5435,"comment_status":"open","ping_status":"open","sticky":false,"template":"","format":"standard","meta":{"footnotes":""},"categories":[64],"tags":[],"class_list":{"0":"post-5434","1":"post","2":"type-post","3":"status-publish","4":"format-standard","5":"has-post-thumbnail","7":"category-nacionales"},"_links":{"self":[{"href":"https:\/\/elpueblonoticia.com.ar\/web\/wp-json\/wp\/v2\/posts\/5434","targetHints":{"allow":["GET"]}}],"collection":[{"href":"https:\/\/elpueblonoticia.com.ar\/web\/wp-json\/wp\/v2\/posts"}],"about":[{"href":"https:\/\/elpueblonoticia.com.ar\/web\/wp-json\/wp\/v2\/types\/post"}],"author":[{"embeddable":true,"href":"https:\/\/elpueblonoticia.com.ar\/web\/wp-json\/wp\/v2\/users\/2"}],"replies":[{"embeddable":true,"href":"https:\/\/elpueblonoticia.com.ar\/web\/wp-json\/wp\/v2\/comments?post=5434"}],"version-history":[{"count":1,"href":"https:\/\/elpueblonoticia.com.ar\/web\/wp-json\/wp\/v2\/posts\/5434\/revisions"}],"predecessor-version":[{"id":5436,"href":"https:\/\/elpueblonoticia.com.ar\/web\/wp-json\/wp\/v2\/posts\/5434\/revisions\/5436"}],"wp:featuredmedia":[{"embeddable":true,"href":"https:\/\/elpueblonoticia.com.ar\/web\/wp-json\/wp\/v2\/media\/5435"}],"wp:attachment":[{"href":"https:\/\/elpueblonoticia.com.ar\/web\/wp-json\/wp\/v2\/media?parent=5434"}],"wp:term":[{"taxonomy":"category","embeddable":true,"href":"https:\/\/elpueblonoticia.com.ar\/web\/wp-json\/wp\/v2\/categories?post=5434"},{"taxonomy":"post_tag","embeddable":true,"href":"https:\/\/elpueblonoticia.com.ar\/web\/wp-json\/wp\/v2\/tags?post=5434"}],"curies":[{"name":"wp","href":"https:\/\/api.w.org\/{rel}","templated":true}]}}