{"id":5408,"date":"2026-01-13T18:37:46","date_gmt":"2026-01-13T21:37:46","guid":{"rendered":"https:\/\/elpueblonoticia.com.ar\/web\/?p=5408"},"modified":"2026-01-13T18:37:46","modified_gmt":"2026-01-13T21:37:46","slug":"abuso-sexual-y-robo-detenido-en-goya-con-pedido-de-captura-en-buenos-aires","status":"publish","type":"post","link":"https:\/\/elpueblonoticia.com.ar\/web\/2026\/01\/13\/abuso-sexual-y-robo-detenido-en-goya-con-pedido-de-captura-en-buenos-aires\/","title":{"rendered":"ABUSO SEXUAL Y ROBO Detenido en Goya con pedido de captura en Buenos Aires"},"content":{"rendered":"<p>La Comisar\u00eda Primera de Goya, en forma conjunta con la Comisar\u00eda Primera de Florencio Varela, Provincia de Buenos Aires, llev\u00f3 a cabo un allanamiento con el objetivo de dar cumplimiento a una orden de detenci\u00f3n vigente.<\/p>\n<div>Como resultado del procedimiento, se logr\u00f3 la detenci\u00f3n de una persona de apellido Mu\u00f1oz, quien registraba pedido de captura por los delitos de abuso sexual y robo.<\/div>\n<div><\/div>\n<div>El sujeto qued\u00f3 a disposici\u00f3n de las autoridades judiciales competentes, permaneciendo bajo custodia hasta tanto se efectivice su traslado al Juzgado de Garant\u00edas N\u00b0 5 de Florencio Varela, conforme lo dispuesto por la autoridad interviniente.<\/div>\n<div><\/div>\n<div>Desde la Comisar\u00eda Primera de Goya se destaca el trabajo coordinado entre fuerzas policiales de distintas jurisdicciones, fortaleciendo la cooperaci\u00f3n interprovincial.<\/div>\n<div>La Comisar\u00eda Primera de Goya, en forma conjunta con la Comisar\u00eda Primera de Florencio Varela, Provincia de Buenos Aires, llev\u00f3 a cabo un allanamiento con el objetivo de dar cumplimiento a una orden de detenci\u00f3n vigente.<\/div>\n<div><\/div>\n<div>Como resultado del procedimiento, se logr\u00f3 la detenci\u00f3n de una persona de apellido Mu\u00f1oz, quien registraba pedido de captura por los delitos de abuso sexual y robo.<\/div>\n<div><\/div>\n<div>El sujeto qued\u00f3 a disposici\u00f3n de las autoridades judiciales competentes, permaneciendo bajo custodia hasta tanto se efectivice su traslado al Juzgado de Garant\u00edas N\u00b0 5 de Florencio Varela, conforme lo dispuesto por la autoridad interviniente.<\/div>\n<div><\/div>\n<div>Desde la Comisar\u00eda Primera de Goya se destaca el trabajo coordinado entre fuerzas policiales de distintas jurisdicciones, fortaleciendo la cooperaci\u00f3n interprovincial.<\/div>\n","protected":false},"excerpt":{"rendered":"<p>La Comisar\u00eda Primera de Goya, en forma conjunta con la Comisar\u00eda Primera de Florencio Varela, Provincia de Buenos Aires, llev\u00f3 a cabo un allanamiento con el objetivo de dar cumplimiento a una orden de detenci\u00f3n vigente. Como resultado del procedimiento, se logr\u00f3 la detenci\u00f3n de una persona de apellido Mu\u00f1oz, quien registraba pedido de captura [&hellip;]<\/p>\n","protected":false},"author":2,"featured_media":5409,"comment_status":"open","ping_status":"open","sticky":false,"template":"","format":"standard","meta":{"footnotes":""},"categories":[68],"tags":[],"class_list":{"0":"post-5408","1":"post","2":"type-post","3":"status-publish","4":"format-standard","5":"has-post-thumbnail","7":"category-policiales-nacionales"},"_links":{"self":[{"href":"https:\/\/elpueblonoticia.com.ar\/web\/wp-json\/wp\/v2\/posts\/5408","targetHints":{"allow":["GET"]}}],"collection":[{"href":"https:\/\/elpueblonoticia.com.ar\/web\/wp-json\/wp\/v2\/posts"}],"about":[{"href":"https:\/\/elpueblonoticia.com.ar\/web\/wp-json\/wp\/v2\/types\/post"}],"author":[{"embeddable":true,"href":"https:\/\/elpueblonoticia.com.ar\/web\/wp-json\/wp\/v2\/users\/2"}],"replies":[{"embeddable":true,"href":"https:\/\/elpueblonoticia.com.ar\/web\/wp-json\/wp\/v2\/comments?post=5408"}],"version-history":[{"count":1,"href":"https:\/\/elpueblonoticia.com.ar\/web\/wp-json\/wp\/v2\/posts\/5408\/revisions"}],"predecessor-version":[{"id":5410,"href":"https:\/\/elpueblonoticia.com.ar\/web\/wp-json\/wp\/v2\/posts\/5408\/revisions\/5410"}],"wp:featuredmedia":[{"embeddable":true,"href":"https:\/\/elpueblonoticia.com.ar\/web\/wp-json\/wp\/v2\/media\/5409"}],"wp:attachment":[{"href":"https:\/\/elpueblonoticia.com.ar\/web\/wp-json\/wp\/v2\/media?parent=5408"}],"wp:term":[{"taxonomy":"category","embeddable":true,"href":"https:\/\/elpueblonoticia.com.ar\/web\/wp-json\/wp\/v2\/categories?post=5408"},{"taxonomy":"post_tag","embeddable":true,"href":"https:\/\/elpueblonoticia.com.ar\/web\/wp-json\/wp\/v2\/tags?post=5408"}],"curies":[{"name":"wp","href":"https:\/\/api.w.org\/{rel}","templated":true}]}}