{"id":5389,"date":"2026-01-13T11:30:51","date_gmt":"2026-01-13T14:30:51","guid":{"rendered":"https:\/\/elpueblonoticia.com.ar\/web\/?p=5389"},"modified":"2026-01-13T11:30:51","modified_gmt":"2026-01-13T14:30:51","slug":"fiesta-nacional-del-chamame-2026-precios-de-las-entradas-y-donde-comprarlas","status":"publish","type":"post","link":"https:\/\/elpueblonoticia.com.ar\/web\/2026\/01\/13\/fiesta-nacional-del-chamame-2026-precios-de-las-entradas-y-donde-comprarlas\/","title":{"rendered":"Fiesta Nacional del Chamam\u00e9 2026: precios de las entradas y d\u00f3nde comprarlas"},"content":{"rendered":"<div class=\"article__headline\"><strong>Del 16 al 25 de enero, Corrientes celebrar\u00e1 la 35\u00aa edici\u00f3n de su evento m\u00e1ximo en el Anfiteatro Cocomarola. La organizaci\u00f3n confirm\u00f3 que los precios se mantendr\u00e1n en los valores del a\u00f1o pasado.<\/strong><\/div>\n<p>&nbsp;<\/p>\n<p>La cuenta regresiva para la mayor celebraci\u00f3n popular de la regi\u00f3n ha comenzado. Del\u00a0<strong>16 al 25 de enero<\/strong>, la ciudad de Corrientes se convertir\u00e1 nuevamente en el epicentro mundial de la m\u00fasica y la danza con la\u00a0<strong>35\u00aa Fiesta Nacional del Chamam\u00e9<\/strong>, la 21\u00aa Fiesta del MERCOSUR y la 5\u00aa Celebraci\u00f3n Mundial.<\/p>\n<p>Tras haber sido declarado\u00a0<strong>Patrimonio Cultural Inmaterial de la Humanidad por la UNESCO<\/strong>\u00a0en 2020, el evento promete este a\u00f1o una grilla de excelencia que se desplegar\u00e1 en el escenario mayor del\u00a0<strong>Anfiteatro Mario del Tr\u00e1nsito Cocomarola<\/strong>, adem\u00e1s de diversas actividades en el interior provincial y otros puntos de la capital.<\/p>\n<h2><strong>Precios y puntos de venta<\/strong><\/h2>\n<p>En una decisi\u00f3n que busca favorecer la concurrencia masiva, los costos de los tickets para ingresar al anfiteatro mantendr\u00e1n el rango de precios de 2025. Seg\u00fan confirmaron desde la organizaci\u00f3n, las\u00a0<strong>entradas<\/strong>\u00a0tendr\u00e1n dos valores diferenciados:<\/p>\n<ul>\n<li><strong>$7.000:<\/strong>\u00a0para quienes ingresen antes de las 21:30.<\/li>\n<li><strong>$9.000:<\/strong>\u00a0para quienes prefieran ingresar sin l\u00edmite de horario.<\/li>\n<\/ul>\n<p>La venta online ya se encuentra disponible a trav\u00e9s de la plataforma\u00a0<a href=\"https:\/\/weepas.ar\/\" target=\"_blank\" rel=\"noopener\"><strong>weepas.ar<\/strong><\/a>. Para quienes prefieran la compra presencial, los puntos de venta f\u00edsicos son:<\/p>\n<ol>\n<li><strong>Teatro Oficial Juan de Vera<\/strong>\u00a0(San Juan 637): de lunes a viernes, de 9 a 17.<\/li>\n<li><strong>Boleter\u00eda del Anfiteatro Cocomarola<\/strong>: disponible del 16 al 25 de enero a partir de las 19.<\/li>\n<\/ol>\n<p>&nbsp;<\/p>\n<h2><strong>Transmisi\u00f3n en vivo y horarios<\/strong><\/h2>\n<p>La apertura de puertas del Cocomarola ser\u00e1 diariamente a las 19 horas, mientras que el inicio de los espect\u00e1culos en el escenario est\u00e1 previsto para las 20 horas.<\/p>\n<p>Para aquellos que no puedan asistir de manera presencial, la\u00a0<strong>Fiesta Nacional del Chamam\u00e9<\/strong>\u00a0contar\u00e1 con una amplia cobertura medi\u00e1tica. La transmisi\u00f3n en vivo podr\u00e1 seguirse a trav\u00e9s del canal oficial de YouTube del\u00a0<strong>Gobierno de Corrientes<\/strong>, la\u00a0<strong>TV P\u00fablica<\/strong>, y diversas se\u00f1ales televisivas de\u00a0<strong>Brasil<\/strong>\u00a0y toda la regi\u00f3n, garantizando el alcance global de nuestra cultura.<\/p>\n","protected":false},"excerpt":{"rendered":"<p>Del 16 al 25 de enero, Corrientes celebrar\u00e1 la 35\u00aa edici\u00f3n de su evento m\u00e1ximo en el Anfiteatro Cocomarola. La organizaci\u00f3n confirm\u00f3 que los precios se mantendr\u00e1n en los valores del a\u00f1o pasado. &nbsp; La cuenta regresiva para la mayor celebraci\u00f3n popular de la regi\u00f3n ha comenzado. Del\u00a016 al 25 de enero, la ciudad de [&hellip;]<\/p>\n","protected":false},"author":2,"featured_media":5390,"comment_status":"open","ping_status":"open","sticky":false,"template":"","format":"standard","meta":{"footnotes":""},"categories":[78],"tags":[],"class_list":{"0":"post-5389","1":"post","2":"type-post","3":"status-publish","4":"format-standard","5":"has-post-thumbnail","7":"category-generales"},"_links":{"self":[{"href":"https:\/\/elpueblonoticia.com.ar\/web\/wp-json\/wp\/v2\/posts\/5389","targetHints":{"allow":["GET"]}}],"collection":[{"href":"https:\/\/elpueblonoticia.com.ar\/web\/wp-json\/wp\/v2\/posts"}],"about":[{"href":"https:\/\/elpueblonoticia.com.ar\/web\/wp-json\/wp\/v2\/types\/post"}],"author":[{"embeddable":true,"href":"https:\/\/elpueblonoticia.com.ar\/web\/wp-json\/wp\/v2\/users\/2"}],"replies":[{"embeddable":true,"href":"https:\/\/elpueblonoticia.com.ar\/web\/wp-json\/wp\/v2\/comments?post=5389"}],"version-history":[{"count":1,"href":"https:\/\/elpueblonoticia.com.ar\/web\/wp-json\/wp\/v2\/posts\/5389\/revisions"}],"predecessor-version":[{"id":5391,"href":"https:\/\/elpueblonoticia.com.ar\/web\/wp-json\/wp\/v2\/posts\/5389\/revisions\/5391"}],"wp:featuredmedia":[{"embeddable":true,"href":"https:\/\/elpueblonoticia.com.ar\/web\/wp-json\/wp\/v2\/media\/5390"}],"wp:attachment":[{"href":"https:\/\/elpueblonoticia.com.ar\/web\/wp-json\/wp\/v2\/media?parent=5389"}],"wp:term":[{"taxonomy":"category","embeddable":true,"href":"https:\/\/elpueblonoticia.com.ar\/web\/wp-json\/wp\/v2\/categories?post=5389"},{"taxonomy":"post_tag","embeddable":true,"href":"https:\/\/elpueblonoticia.com.ar\/web\/wp-json\/wp\/v2\/tags?post=5389"}],"curies":[{"name":"wp","href":"https:\/\/api.w.org\/{rel}","templated":true}]}}