{"id":5386,"date":"2026-01-13T09:56:51","date_gmt":"2026-01-13T12:56:51","guid":{"rendered":"https:\/\/elpueblonoticia.com.ar\/web\/?p=5386"},"modified":"2026-01-13T09:56:51","modified_gmt":"2026-01-13T12:56:51","slug":"el-municipio-advierte-sobre-la-prohibicion-de-quemar-residuos-en-volquetes","status":"publish","type":"post","link":"https:\/\/elpueblonoticia.com.ar\/web\/2026\/01\/13\/el-municipio-advierte-sobre-la-prohibicion-de-quemar-residuos-en-volquetes\/","title":{"rendered":"El Municipio advierte sobre la prohibici\u00f3n de quemar residuos en volquetes"},"content":{"rendered":"<p><strong>Info general<\/strong><\/p>\n<p>Martes 13 de Enero de 2026<\/p>\n<p data-olk-copy-source=\"MessageBody\">La Municipalidad de Paso de los Libres informa que en los \u00faltimos d\u00edas se han detectado situaciones en las que personas utilizan los volquetes urbanos para prender fuego residuos, una pr\u00e1ctica que se encuentra expresamente prohibida y que representa un serio riesgo para la salud p\u00fablica y el ambiente.<\/p>\n<p>Los volquetes forman parte de una pol\u00edtica municipal orientada a mejorar el orden, la limpieza y la correcta disposici\u00f3n de residuos en distintos sectores de la ciudad. La quema de basura, adem\u00e1s de da\u00f1ar esta infraestructura, genera humo contaminante que afecta directamente a los vecinos, en especial a ni\u00f1os, adultos mayores y personas con problemas respiratorios.<\/p>\n<p>Al respecto, el intendente Agust\u00edn Faraldo expres\u00f3:<br \/>\n\u201cQuiero hablarles de algo importante que nos involucra a todos. En los \u00faltimos d\u00edas vimos situaciones de quema de basura en los volquetes. Esto no solo genera humo y molestias, sino que es un riesgo serio para la salud, el ambiente y para nuestros propios vecinos\u201d.<\/p>\n<p>Asimismo, el jefe comunal remarc\u00f3 el esfuerzo que realiza el Municipio para sostener una ciudad m\u00e1s limpia y ordenada, y la importancia de que estas acciones sean acompa\u00f1adas por la responsabilidad de cada ciudadano.<\/p>\n<p>En este sentido, desde el Gobierno local se recuerda que el cuidado de los espacios y equipamientos p\u00fablicos es una responsabilidad compartida, y que respetar las normas vigentes contribuye a mejorar la calidad de vida y la convivencia en Paso de los Libres.<\/p>\n","protected":false},"excerpt":{"rendered":"<p>Info general Martes 13 de Enero de 2026 La Municipalidad de Paso de los Libres informa que en los \u00faltimos d\u00edas se han detectado situaciones en las que personas utilizan los volquetes urbanos para prender fuego residuos, una pr\u00e1ctica que se encuentra expresamente prohibida y que representa un serio riesgo para la salud p\u00fablica y [&hellip;]<\/p>\n","protected":false},"author":2,"featured_media":5387,"comment_status":"open","ping_status":"open","sticky":false,"template":"","format":"standard","meta":{"footnotes":""},"categories":[77],"tags":[],"class_list":{"0":"post-5386","1":"post","2":"type-post","3":"status-publish","4":"format-standard","5":"has-post-thumbnail","7":"category-paso-de-los-libres"},"_links":{"self":[{"href":"https:\/\/elpueblonoticia.com.ar\/web\/wp-json\/wp\/v2\/posts\/5386","targetHints":{"allow":["GET"]}}],"collection":[{"href":"https:\/\/elpueblonoticia.com.ar\/web\/wp-json\/wp\/v2\/posts"}],"about":[{"href":"https:\/\/elpueblonoticia.com.ar\/web\/wp-json\/wp\/v2\/types\/post"}],"author":[{"embeddable":true,"href":"https:\/\/elpueblonoticia.com.ar\/web\/wp-json\/wp\/v2\/users\/2"}],"replies":[{"embeddable":true,"href":"https:\/\/elpueblonoticia.com.ar\/web\/wp-json\/wp\/v2\/comments?post=5386"}],"version-history":[{"count":1,"href":"https:\/\/elpueblonoticia.com.ar\/web\/wp-json\/wp\/v2\/posts\/5386\/revisions"}],"predecessor-version":[{"id":5388,"href":"https:\/\/elpueblonoticia.com.ar\/web\/wp-json\/wp\/v2\/posts\/5386\/revisions\/5388"}],"wp:featuredmedia":[{"embeddable":true,"href":"https:\/\/elpueblonoticia.com.ar\/web\/wp-json\/wp\/v2\/media\/5387"}],"wp:attachment":[{"href":"https:\/\/elpueblonoticia.com.ar\/web\/wp-json\/wp\/v2\/media?parent=5386"}],"wp:term":[{"taxonomy":"category","embeddable":true,"href":"https:\/\/elpueblonoticia.com.ar\/web\/wp-json\/wp\/v2\/categories?post=5386"},{"taxonomy":"post_tag","embeddable":true,"href":"https:\/\/elpueblonoticia.com.ar\/web\/wp-json\/wp\/v2\/tags?post=5386"}],"curies":[{"name":"wp","href":"https:\/\/api.w.org\/{rel}","templated":true}]}}