{"id":5382,"date":"2026-01-10T15:20:05","date_gmt":"2026-01-10T18:20:05","guid":{"rendered":"https:\/\/elpueblonoticia.com.ar\/web\/?p=5382"},"modified":"2026-01-10T15:20:05","modified_gmt":"2026-01-10T18:20:05","slug":"goya-delincuente-registrado-por-camaras-al-robar-en-una-carniceria","status":"publish","type":"post","link":"https:\/\/elpueblonoticia.com.ar\/web\/2026\/01\/10\/goya-delincuente-registrado-por-camaras-al-robar-en-una-carniceria\/","title":{"rendered":"Goya: Delincuente registrado por c\u00e1maras al robar en una carnicer\u00eda"},"content":{"rendered":"<p><span class=\"intro\">Un hecho delictivo ocurrido en una carnicer\u00eda de la ciudad de Goya fue esclarecido por efectivos de la Comisar\u00eda Seccional Sexta, tras una r\u00e1pida intervenci\u00f3n policial y el an\u00e1lisis de material f\u00edlmico.<\/span><\/p>\n<p><span class=\"cuerpo\">El episodio se registr\u00f3 el 8 de enero de 2026 en un comercio ubicado sobre las avenidas Per\u00f3n y Alemania. A partir de la denuncia realizada por el propietario, los uniformados iniciaron tareas investigativas que permitieron identificar al presunto responsable, un joven mayor de edad, quien fue posteriormente demorado.<br \/>\nComo resultado del procedimiento, se logr\u00f3 recuperar varios cuchillos que hab\u00edan sido sustra\u00eddos del local. Todo lo actuado fue informado a la Fiscal\u00eda en turno, que contin\u00faa con las actuaciones legales correspondientes.<\/span><\/p>\n","protected":false},"excerpt":{"rendered":"<p>Un hecho delictivo ocurrido en una carnicer\u00eda de la ciudad de Goya fue esclarecido por efectivos de la Comisar\u00eda Seccional Sexta, tras una r\u00e1pida intervenci\u00f3n policial y el an\u00e1lisis de material f\u00edlmico. El episodio se registr\u00f3 el 8 de enero de 2026 en un comercio ubicado sobre las avenidas Per\u00f3n y Alemania. A partir de [&hellip;]<\/p>\n","protected":false},"author":2,"featured_media":5383,"comment_status":"open","ping_status":"open","sticky":false,"template":"","format":"standard","meta":{"footnotes":""},"categories":[68],"tags":[],"class_list":{"0":"post-5382","1":"post","2":"type-post","3":"status-publish","4":"format-standard","5":"has-post-thumbnail","7":"category-policiales-nacionales"},"_links":{"self":[{"href":"https:\/\/elpueblonoticia.com.ar\/web\/wp-json\/wp\/v2\/posts\/5382","targetHints":{"allow":["GET"]}}],"collection":[{"href":"https:\/\/elpueblonoticia.com.ar\/web\/wp-json\/wp\/v2\/posts"}],"about":[{"href":"https:\/\/elpueblonoticia.com.ar\/web\/wp-json\/wp\/v2\/types\/post"}],"author":[{"embeddable":true,"href":"https:\/\/elpueblonoticia.com.ar\/web\/wp-json\/wp\/v2\/users\/2"}],"replies":[{"embeddable":true,"href":"https:\/\/elpueblonoticia.com.ar\/web\/wp-json\/wp\/v2\/comments?post=5382"}],"version-history":[{"count":1,"href":"https:\/\/elpueblonoticia.com.ar\/web\/wp-json\/wp\/v2\/posts\/5382\/revisions"}],"predecessor-version":[{"id":5384,"href":"https:\/\/elpueblonoticia.com.ar\/web\/wp-json\/wp\/v2\/posts\/5382\/revisions\/5384"}],"wp:featuredmedia":[{"embeddable":true,"href":"https:\/\/elpueblonoticia.com.ar\/web\/wp-json\/wp\/v2\/media\/5383"}],"wp:attachment":[{"href":"https:\/\/elpueblonoticia.com.ar\/web\/wp-json\/wp\/v2\/media?parent=5382"}],"wp:term":[{"taxonomy":"category","embeddable":true,"href":"https:\/\/elpueblonoticia.com.ar\/web\/wp-json\/wp\/v2\/categories?post=5382"},{"taxonomy":"post_tag","embeddable":true,"href":"https:\/\/elpueblonoticia.com.ar\/web\/wp-json\/wp\/v2\/tags?post=5382"}],"curies":[{"name":"wp","href":"https:\/\/api.w.org\/{rel}","templated":true}]}}