{"id":5375,"date":"2026-01-10T15:16:31","date_gmt":"2026-01-10T18:16:31","guid":{"rendered":"https:\/\/elpueblonoticia.com.ar\/web\/?p=5375"},"modified":"2026-01-10T15:16:31","modified_gmt":"2026-01-10T18:16:31","slug":"se-realizara-una-retreta-chamamecera-en-la-unidad","status":"publish","type":"post","link":"https:\/\/elpueblonoticia.com.ar\/web\/2026\/01\/10\/se-realizara-una-retreta-chamamecera-en-la-unidad\/","title":{"rendered":"Se realizar\u00e1 una retreta chamamecera en la Unidad"},"content":{"rendered":"<p>El Gobierno de Corrientes a trav\u00e9s del Instituto de Cultura llevar\u00e1 a cabo este s\u00e1bado a las 20, una retreta Chamamecera en La Unidad ubicada en la avenida 3 de Abril 57 y en la que participar\u00e1n la Banda de M\u00fasica de la Polic\u00eda de Corrientes, la Banda de M\u00fasica del Servicio Penitenciario y el Ballet Oficial de la Fiesta Nacional del Chamam\u00e9 2026.<\/p>\n<p>La misma, ser\u00e1 una antesala de la 35\u00b0 Fiesta Nacional, la 21\u00b0 Fiesta del Mercosur y la 5\u00b0 Celebraci\u00f3n Mundial del Chamam\u00e9 que se vivir\u00e1 desde el 16 al 25 de enero de 2026 en el Anfiteatro Mario del Tr\u00e1nsito Cocomarola<strong>.<\/strong><\/p>\n","protected":false},"excerpt":{"rendered":"<p>El Gobierno de Corrientes a trav\u00e9s del Instituto de Cultura llevar\u00e1 a cabo este s\u00e1bado a las 20, una retreta Chamamecera en La Unidad ubicada en la avenida 3 de Abril 57 y en la que participar\u00e1n la Banda de M\u00fasica de la Polic\u00eda de Corrientes, la Banda de M\u00fasica del Servicio Penitenciario y el [&hellip;]<\/p>\n","protected":false},"author":2,"featured_media":5376,"comment_status":"open","ping_status":"open","sticky":false,"template":"","format":"standard","meta":{"footnotes":""},"categories":[72],"tags":[],"class_list":{"0":"post-5375","1":"post","2":"type-post","3":"status-publish","4":"format-standard","5":"has-post-thumbnail","7":"category-provinciales"},"_links":{"self":[{"href":"https:\/\/elpueblonoticia.com.ar\/web\/wp-json\/wp\/v2\/posts\/5375","targetHints":{"allow":["GET"]}}],"collection":[{"href":"https:\/\/elpueblonoticia.com.ar\/web\/wp-json\/wp\/v2\/posts"}],"about":[{"href":"https:\/\/elpueblonoticia.com.ar\/web\/wp-json\/wp\/v2\/types\/post"}],"author":[{"embeddable":true,"href":"https:\/\/elpueblonoticia.com.ar\/web\/wp-json\/wp\/v2\/users\/2"}],"replies":[{"embeddable":true,"href":"https:\/\/elpueblonoticia.com.ar\/web\/wp-json\/wp\/v2\/comments?post=5375"}],"version-history":[{"count":1,"href":"https:\/\/elpueblonoticia.com.ar\/web\/wp-json\/wp\/v2\/posts\/5375\/revisions"}],"predecessor-version":[{"id":5377,"href":"https:\/\/elpueblonoticia.com.ar\/web\/wp-json\/wp\/v2\/posts\/5375\/revisions\/5377"}],"wp:featuredmedia":[{"embeddable":true,"href":"https:\/\/elpueblonoticia.com.ar\/web\/wp-json\/wp\/v2\/media\/5376"}],"wp:attachment":[{"href":"https:\/\/elpueblonoticia.com.ar\/web\/wp-json\/wp\/v2\/media?parent=5375"}],"wp:term":[{"taxonomy":"category","embeddable":true,"href":"https:\/\/elpueblonoticia.com.ar\/web\/wp-json\/wp\/v2\/categories?post=5375"},{"taxonomy":"post_tag","embeddable":true,"href":"https:\/\/elpueblonoticia.com.ar\/web\/wp-json\/wp\/v2\/tags?post=5375"}],"curies":[{"name":"wp","href":"https:\/\/api.w.org\/{rel}","templated":true}]}}