{"id":5369,"date":"2026-01-10T15:01:37","date_gmt":"2026-01-10T18:01:37","guid":{"rendered":"https:\/\/elpueblonoticia.com.ar\/web\/?p=5369"},"modified":"2026-01-10T15:01:37","modified_gmt":"2026-01-10T18:01:37","slug":"turistas-quedaron-varados-por-el-temporal-en-uno-de-los-accesos-al-ibera","status":"publish","type":"post","link":"https:\/\/elpueblonoticia.com.ar\/web\/2026\/01\/10\/turistas-quedaron-varados-por-el-temporal-en-uno-de-los-accesos-al-ibera\/","title":{"rendered":"Turistas quedaron varados por el temporal en uno de los accesos al Iber\u00e1"},"content":{"rendered":"<p>Visitantes quedaron varias horas atrapados hasta la llegada de asistencia. El\u00a0fuerte temporal\u00a0que volvi\u00f3 a golpear a la provincia de\u00a0Corrientes\u00a0gener\u00f3 serias complicaciones en la zona de los\u00a0Esteros del Iber\u00e1. Uno de los siete accesos al parque\u00a0qued\u00f3 cerrado\u00a0debido a la acumulaci\u00f3n de agua, dejando a varios\u00a0turistas varados durante gran parte del d\u00eda.\u00a0Defensa Civil.<\/p>\n<h3 class=\"subtitulo_en_cuerpo\">Rutas 114 y 40 bajo agua<\/h3>\n<p>La situaci\u00f3n se registr\u00f3 en el cruce de las\u00a0rutas provinciales 114 y 40, donde visitantes permanecieron desde la ma\u00f1ana hasta la tarde a la espera de que el nivel del agua descendiera y se pudiera\u00a0restablecer la circulaci\u00f3n<strong>.<\/strong>\u00a0La preocupaci\u00f3n creci\u00f3 con el correr de las horas ante la falta de provisiones.<\/p>\n<p>\u201cSi alguien entra a\u00a0Pellegrini puede avisar si las personas que est\u00e1n varadas en el cruce de la\u00a0114 y 40 a\u00fan est\u00e1n all\u00ed. La mayor\u00eda ha salido a la ma\u00f1ana y no tienen agua ni comida. Hay una persona descompuesta\u201d, se\u00f1alaba uno de los mensajes que comenz\u00f3 a circular, alertando sobre el delicado panorama.<\/p>\n<div class=\"container-spot\" data-tipo=\"tipo_todo\" data-pos=\"NEW_P2_cuerpo\">\n<div id=\"pppSlot8\" class=\"lazyloaded\" data-gpt=\"\/22675780113\/nota\/new_p2_cuerpo\" data-size=\"[[728, 90]]\" data-gpt-mobile=\"\/22675780113\/nota\/new_p2_cuerpo\" data-size-mobile=\"[[320, 100],[320, 50],[300, 600],[300, 250],[300, 100],[300, 50]]\" data-expand=\"300\" data-google-query-id=\"CIaA7_KHgZIDFXo8uQYd2TMT-g\">\n<div id=\"google_ads_iframe_\/22675780113\/nota\/new_p2_cuerpo_0__container__\"><\/div>\n<\/div>\n<\/div>\n<p>Ante la situaci\u00f3n, el director de\u00a0Defensa Civil de la provincia de Corrientes, Bruno Lovinson, confirm\u00f3 que se activ\u00f3 un operativo de ayuda. \u201cS\u00ed, fue un veh\u00edculo de bomberos de Mercedes a auxiliarlos. Nos avisaron hace una hora m\u00e1s o menos\u201d, indic\u00f3 en declaraciones.<\/p>\n<p>Las autoridades contin\u00faan monitoreando el estado de los caminos y recomiendan evitar traslados hacia la zona mientras persistan las lluvias y los anegamientos, ya que otros accesos tambi\u00e9n podr\u00edan verse afectados.<\/p>\n","protected":false},"excerpt":{"rendered":"<p>Visitantes quedaron varias horas atrapados hasta la llegada de asistencia. El\u00a0fuerte temporal\u00a0que volvi\u00f3 a golpear a la provincia de\u00a0Corrientes\u00a0gener\u00f3 serias complicaciones en la zona de los\u00a0Esteros del Iber\u00e1. Uno de los siete accesos al parque\u00a0qued\u00f3 cerrado\u00a0debido a la acumulaci\u00f3n de agua, dejando a varios\u00a0turistas varados durante gran parte del d\u00eda.\u00a0Defensa Civil. Rutas 114 y 40 [&hellip;]<\/p>\n","protected":false},"author":2,"featured_media":5370,"comment_status":"open","ping_status":"open","sticky":false,"template":"","format":"standard","meta":{"footnotes":""},"categories":[72],"tags":[],"class_list":{"0":"post-5369","1":"post","2":"type-post","3":"status-publish","4":"format-standard","5":"has-post-thumbnail","7":"category-provinciales"},"_links":{"self":[{"href":"https:\/\/elpueblonoticia.com.ar\/web\/wp-json\/wp\/v2\/posts\/5369","targetHints":{"allow":["GET"]}}],"collection":[{"href":"https:\/\/elpueblonoticia.com.ar\/web\/wp-json\/wp\/v2\/posts"}],"about":[{"href":"https:\/\/elpueblonoticia.com.ar\/web\/wp-json\/wp\/v2\/types\/post"}],"author":[{"embeddable":true,"href":"https:\/\/elpueblonoticia.com.ar\/web\/wp-json\/wp\/v2\/users\/2"}],"replies":[{"embeddable":true,"href":"https:\/\/elpueblonoticia.com.ar\/web\/wp-json\/wp\/v2\/comments?post=5369"}],"version-history":[{"count":1,"href":"https:\/\/elpueblonoticia.com.ar\/web\/wp-json\/wp\/v2\/posts\/5369\/revisions"}],"predecessor-version":[{"id":5371,"href":"https:\/\/elpueblonoticia.com.ar\/web\/wp-json\/wp\/v2\/posts\/5369\/revisions\/5371"}],"wp:featuredmedia":[{"embeddable":true,"href":"https:\/\/elpueblonoticia.com.ar\/web\/wp-json\/wp\/v2\/media\/5370"}],"wp:attachment":[{"href":"https:\/\/elpueblonoticia.com.ar\/web\/wp-json\/wp\/v2\/media?parent=5369"}],"wp:term":[{"taxonomy":"category","embeddable":true,"href":"https:\/\/elpueblonoticia.com.ar\/web\/wp-json\/wp\/v2\/categories?post=5369"},{"taxonomy":"post_tag","embeddable":true,"href":"https:\/\/elpueblonoticia.com.ar\/web\/wp-json\/wp\/v2\/tags?post=5369"}],"curies":[{"name":"wp","href":"https:\/\/api.w.org\/{rel}","templated":true}]}}