{"id":5366,"date":"2026-01-10T14:59:21","date_gmt":"2026-01-10T17:59:21","guid":{"rendered":"https:\/\/elpueblonoticia.com.ar\/web\/?p=5366"},"modified":"2026-01-10T14:59:21","modified_gmt":"2026-01-10T17:59:21","slug":"se-presento-el-festival-nacional-del-autentico-chamame-tradicional-de-mburucuya-2","status":"publish","type":"post","link":"https:\/\/elpueblonoticia.com.ar\/web\/2026\/01\/10\/se-presento-el-festival-nacional-del-autentico-chamame-tradicional-de-mburucuya-2\/","title":{"rendered":"Se present\u00f3 el festival nacional del aut\u00e9ntico chamam\u00e9 tradicional de Mburucuy\u00e1"},"content":{"rendered":"<p>En la tarde de este viernes se llev\u00f3 a cabo en La Unidad, el lanzamiento de la 57\u00b0 edici\u00f3n provincial y 21\u00b0 edici\u00f3n Nacional del Festival Nacional del Aut\u00e9ntico Chamam\u00e9 que se realizar\u00e1 los d\u00edas 6, 7 y 8 de febrero de 2026 en Mburucuy\u00e1. Adem\u00e1s, en el evento Chamamecero de la presente edici\u00f3n se celebrar\u00e1 el Centenario del nacimiento del cantautor, guitarrista y compositor chamamecero Salvador Miqueri.<\/p>\n<p>Al tomar la palabra en representaci\u00f3n del Gobierno de Corrientes, la presidente del Instituto de Cultura Lourdes S\u00e1nchez expres\u00f3 que &#8220;para m\u00ed es un enorme placer estar ac\u00e1 en este lanzamiento del Aut\u00e9ntico Chamam\u00e9 Tradicional&#8221; y luego resalt\u00f3 que &#8220;es un chamam\u00e9 que nace de la tierra, de la familia reunida, del sapucay que no se aprende, se hereda&#8221;.<\/p>\n<p>Seguidamente, S\u00e1nchez manifest\u00f3 que &#8220;este lanzamiento tambi\u00e9n es un compromiso, un compromiso de cuidar lo aut\u00e9ntico, de valorar a nuestros cultores&#8221; y por eso es que &#8220;desde el Instituto de Cultura, queremos honrar esta fiesta tan importante para nuestra cultura, declar\u00e1ndola de inter\u00e9s cultural en esta edici\u00f3n n\u00famero 57&#8221;.<\/p>\n<p>Por \u00faltimo, la presidente del Instituto de Cultura agradeci\u00f3 a los organizadores de todos los a\u00f1os de esta fiesta, al p\u00fablico que siempre concurre y para concluir exclam\u00f3 que &#8220;siempre que suene un acorde\u00f3n en Mburucuy\u00e1, el chamam\u00e9 seguir\u00e1 vivo&#8221;.<\/p>\n<p><strong>Intendente de Mburucuy\u00e1<\/strong><\/p>\n<p>El intendente de Mburucuy\u00e1, Edgar Galarza Florent\u00edn dijo que &#8220;los invito a transitar una de las experiencias m\u00e1s emblem\u00e1ticas e importantes de nuestro sentir&#8221; y a\u00f1adi\u00f3 que &#8220;toda Mburucuy\u00e1 se torna anfitriona para brindarles no s\u00f3lo un espect\u00e1culo, sino que tambi\u00e9n es muestra la calidez y la solidaridad de mi gente&#8221;.<\/p>\n<p>&#8220;Hoy oficialmente est\u00e1n invitados a hacer carne de esa experiencia vivida en lo que es la enchamigada, lo que es \u00f1anderek\u00f3 y por todo esto, hace ya 5 a\u00f1os se nos otorg\u00f3 una denominaci\u00f3n que hoy ostentamos gracias al ser y al sentir del pueblo correntino, el chamam\u00e9 como patrimonio cultural inmaterial de la Humanidad declarado por la UNESCO y que todos lo expresamos con mucho orgullo&#8221; enfatiz\u00f3 Florent\u00edn.<\/p>\n<p>Para finalizar, el Intendente de Mburucuy\u00e1 destac\u00f3 que &#8220;esta edici\u00f3n del festival tendr\u00e1 como eje conductor el homenaje por el centenario del natalicio del hijo dilecto de Mburucuy\u00e1, don Salvador Miqueri pionero y creador junto a otros grandes del chamam\u00e9 con letras&#8221; y agreg\u00f3 que &#8220;este 2026 sin dudas es un a\u00f1o especial porque est\u00e1 enmarcado gracias a la declaraci\u00f3n de la Honorable C\u00e1mara de Diputados como el a\u00f1o del centenario del poeta del Chamam\u00e9 Salvador Miqueri&#8221;.<\/p>\n<p><strong>Fabio Ver\u00f3n<\/strong><\/p>\n<p>Uno de los organizadores del evento, Fabio Ver\u00f3n agradeci\u00f3 a la presidente del Instituto de Cultura, m\u00fasicos, artesanos, a la comunidad de Mburucuy\u00e1 diciendo que &#8220;con much\u00edsimo orgullo y responsabilidad, estamos trabajando con El\u00edas Miqueri para llevar a cabo una de las fiestas m\u00e1s importantes de la provincia de Corrientes&#8221; y a la vez remarc\u00f3 que &#8220;es una fiesta que nos representa porque el Chamam\u00e9 es una forma de ser y la tenemos que defender entre todos, el chamam\u00e9 tiene que seguir sus ra\u00edces y Mburucuy\u00e1 tiene que seguir siendo aut\u00e9ntico como siempre&#8221; concluy\u00f3.<\/p>\n<p>La presentaci\u00f3n sirvi\u00f3 tambi\u00e9n para conocer que la presidente del Instituto de Cultura de Corrientes, Lourdes S\u00e1nchez resolvi\u00f3 declarar de inter\u00e9s Cultural la 57\u00b0 edici\u00f3n Provincial y 21\u00b0 edici\u00f3n Nacional del Aut\u00e9ntico Chamam\u00e9 Tradicional de Mburucuy\u00e1 a llevarse a cabo los d\u00edas 6, 7 y 8 de febrero de 2026 en el Anfiteatro Eustaquio Mi\u00f1o de Mburucuy\u00e1 Corrientes.<\/p>\n<p>Seguidamente, por medio del baile, el verso, la m\u00fasica y sus instrumentos t\u00edpicos Bel\u00e9n Mi\u00f1o y Alonso Leyes de Mburucuy\u00e1 interpretaron &#8220;Chamam\u00e9 Curu&#8221;.<\/p>\n<p>Luego, el cantautor, poeta y compositor de los de Imaguar\u00e9, Julio C\u00e1ceres recit\u00f3 una poes\u00eda sobre lo tradicional y la tradici\u00f3n de la Fiesta del Chamam\u00e9 de Mburucuy\u00e1.<\/p>\n<p>Las presentaciones musicales continuaron con el grupo Nostalgias Mburucuyanas; Los Hermanos Duarte; Sangre Guaran\u00ed y cerraron Gustavo Miqueri y sus Tr\u00e9boles de Ases.<\/p>\n<p><strong>Presencias<\/strong><\/p>\n<p>Estuvieron presentes en el acto de lanzamiento de la Fiesta Nacional del Chamam\u00e9 Aut\u00e9ntico y Tradicional, la presidente del Instituto de Cultura, Lourdes S\u00e1nchez; el ministro de Turismo, Juan Enrique Braillard Poccard; el intendente de esa localidad, Edgar Galarza Florent\u00edn; la subsecretaria de Seguridad, Ingrid Jetter; el colaborador de la organizaci\u00f3n del Festival, Fabio Ver\u00f3n y otras autoridades.<\/p>\n","protected":false},"excerpt":{"rendered":"<p>En la tarde de este viernes se llev\u00f3 a cabo en La Unidad, el lanzamiento de la 57\u00b0 edici\u00f3n provincial y 21\u00b0 edici\u00f3n Nacional del Festival Nacional del Aut\u00e9ntico Chamam\u00e9 que se realizar\u00e1 los d\u00edas 6, 7 y 8 de febrero de 2026 en Mburucuy\u00e1. Adem\u00e1s, en el evento Chamamecero de la presente edici\u00f3n se [&hellip;]<\/p>\n","protected":false},"author":2,"featured_media":5367,"comment_status":"open","ping_status":"open","sticky":false,"template":"","format":"standard","meta":{"footnotes":""},"categories":[72],"tags":[],"class_list":{"0":"post-5366","1":"post","2":"type-post","3":"status-publish","4":"format-standard","5":"has-post-thumbnail","7":"category-provinciales"},"_links":{"self":[{"href":"https:\/\/elpueblonoticia.com.ar\/web\/wp-json\/wp\/v2\/posts\/5366","targetHints":{"allow":["GET"]}}],"collection":[{"href":"https:\/\/elpueblonoticia.com.ar\/web\/wp-json\/wp\/v2\/posts"}],"about":[{"href":"https:\/\/elpueblonoticia.com.ar\/web\/wp-json\/wp\/v2\/types\/post"}],"author":[{"embeddable":true,"href":"https:\/\/elpueblonoticia.com.ar\/web\/wp-json\/wp\/v2\/users\/2"}],"replies":[{"embeddable":true,"href":"https:\/\/elpueblonoticia.com.ar\/web\/wp-json\/wp\/v2\/comments?post=5366"}],"version-history":[{"count":1,"href":"https:\/\/elpueblonoticia.com.ar\/web\/wp-json\/wp\/v2\/posts\/5366\/revisions"}],"predecessor-version":[{"id":5368,"href":"https:\/\/elpueblonoticia.com.ar\/web\/wp-json\/wp\/v2\/posts\/5366\/revisions\/5368"}],"wp:featuredmedia":[{"embeddable":true,"href":"https:\/\/elpueblonoticia.com.ar\/web\/wp-json\/wp\/v2\/media\/5367"}],"wp:attachment":[{"href":"https:\/\/elpueblonoticia.com.ar\/web\/wp-json\/wp\/v2\/media?parent=5366"}],"wp:term":[{"taxonomy":"category","embeddable":true,"href":"https:\/\/elpueblonoticia.com.ar\/web\/wp-json\/wp\/v2\/categories?post=5366"},{"taxonomy":"post_tag","embeddable":true,"href":"https:\/\/elpueblonoticia.com.ar\/web\/wp-json\/wp\/v2\/tags?post=5366"}],"curies":[{"name":"wp","href":"https:\/\/api.w.org\/{rel}","templated":true}]}}