{"id":5363,"date":"2026-01-10T14:57:33","date_gmt":"2026-01-10T17:57:33","guid":{"rendered":"https:\/\/elpueblonoticia.com.ar\/web\/?p=5363"},"modified":"2026-01-10T14:57:33","modified_gmt":"2026-01-10T17:57:33","slug":"la-justicia-entrego-a-un-municipio-de-corrientes-los-bienes-decomisados-en-causa-por-corrupcion","status":"publish","type":"post","link":"https:\/\/elpueblonoticia.com.ar\/web\/2026\/01\/10\/la-justicia-entrego-a-un-municipio-de-corrientes-los-bienes-decomisados-en-causa-por-corrupcion\/","title":{"rendered":"La justicia entreg\u00f3 a un municipio de Corrientes los bienes decomisados en causa por corrupci\u00f3n"},"content":{"rendered":"<p>La Intendente de Curuz\u00fa Cuati\u00e1, Ver\u00f3nica Esp\u00edndola recibi\u00f3 formalmente de manos del Juez de Garant\u00edas Mart\u00edn Vega y del Fiscal Oscar Ca\u00f1ete la posesi\u00f3n de un complejo de 15 departamentos, 2 locales comerciales y un veh\u00edculo.<\/p>\n<p>En un acto de profunda relevancia institucional y judicial, la Intendente Municipal Ver\u00f3nica Esp\u00edndola recibi\u00f3 en la ma\u00f1ana de este jueves la posesi\u00f3n definitiva y formal de un importante lote de bienes inmuebles y muebles que fueron decomisados por la Justicia en el marco de una causa penal por enriquecimiento il\u00edcito y negociaciones incompatibles con la funci\u00f3n p\u00fablica contra un ex funcionario de gestiones anteriores.<\/p>\n<p>La diligencia se llev\u00f3 a cabo en el propio complejo habitacional recuperado, ubicado en la zona c\u00e9ntrica de la ciudad, y estuvo encabezada por el Juez de Garant\u00edas, Dr. Mart\u00edn Vega, y el Fiscal Subrogante del Tribunal de Juicio de Mercedes, Dr. Oscar Ca\u00f1ete, funcionarios judiciales clave en el proceso que culmin\u00f3 con esta hist\u00f3rica restituci\u00f3n. Acompa\u00f1\u00f3 a la jefa comunal el Asesor Legal del Municipio, Dr. Leonardo Mart\u00ednez.<\/p>\n<p>&nbsp;<\/p>\n<p><strong>Un fallo ejemplar<\/strong><\/p>\n<p>La entrega materializa lo dispuesto en la sentencia dictada en noviembre pasado, donde se conden\u00f3 al ex Secretario de Obras P\u00fablicas, Ram\u00f3n Eduardo Ocampo. La investigaci\u00f3n prob\u00f3 que el ex funcionario, utilizando a terceros, adquiri\u00f3 bienes que no pod\u00eda justificar con sus ingresos l\u00edcitos.<\/p>\n<div class=\"center medium m_image\">El patrimonio que hoy regresa al dominio municipal incluye un complejo de 15 departamentos, 2 locales comerciales y un veh\u00edculo automotor, con una valuaci\u00f3n estimada que supera los 400.000 d\u00f3lares. Adem\u00e1s, el fallo contempla el decomiso de los alquileres percibidos durante el proceso judicial.<\/div>\n<p>&nbsp;<\/p>\n<p>La incorporaci\u00f3n de este capital al activo municipal abre nuevas posibilidades para el desarrollo de pol\u00edticas p\u00fablicas, marcando un punto de inflexi\u00f3n en la historia administrativa y judicial de la ciudad.<\/p>\n","protected":false},"excerpt":{"rendered":"<p>La Intendente de Curuz\u00fa Cuati\u00e1, Ver\u00f3nica Esp\u00edndola recibi\u00f3 formalmente de manos del Juez de Garant\u00edas Mart\u00edn Vega y del Fiscal Oscar Ca\u00f1ete la posesi\u00f3n de un complejo de 15 departamentos, 2 locales comerciales y un veh\u00edculo. En un acto de profunda relevancia institucional y judicial, la Intendente Municipal Ver\u00f3nica Esp\u00edndola recibi\u00f3 en la ma\u00f1ana de [&hellip;]<\/p>\n","protected":false},"author":2,"featured_media":5364,"comment_status":"open","ping_status":"open","sticky":false,"template":"","format":"standard","meta":{"footnotes":""},"categories":[72],"tags":[],"class_list":{"0":"post-5363","1":"post","2":"type-post","3":"status-publish","4":"format-standard","5":"has-post-thumbnail","7":"category-provinciales"},"_links":{"self":[{"href":"https:\/\/elpueblonoticia.com.ar\/web\/wp-json\/wp\/v2\/posts\/5363","targetHints":{"allow":["GET"]}}],"collection":[{"href":"https:\/\/elpueblonoticia.com.ar\/web\/wp-json\/wp\/v2\/posts"}],"about":[{"href":"https:\/\/elpueblonoticia.com.ar\/web\/wp-json\/wp\/v2\/types\/post"}],"author":[{"embeddable":true,"href":"https:\/\/elpueblonoticia.com.ar\/web\/wp-json\/wp\/v2\/users\/2"}],"replies":[{"embeddable":true,"href":"https:\/\/elpueblonoticia.com.ar\/web\/wp-json\/wp\/v2\/comments?post=5363"}],"version-history":[{"count":1,"href":"https:\/\/elpueblonoticia.com.ar\/web\/wp-json\/wp\/v2\/posts\/5363\/revisions"}],"predecessor-version":[{"id":5365,"href":"https:\/\/elpueblonoticia.com.ar\/web\/wp-json\/wp\/v2\/posts\/5363\/revisions\/5365"}],"wp:featuredmedia":[{"embeddable":true,"href":"https:\/\/elpueblonoticia.com.ar\/web\/wp-json\/wp\/v2\/media\/5364"}],"wp:attachment":[{"href":"https:\/\/elpueblonoticia.com.ar\/web\/wp-json\/wp\/v2\/media?parent=5363"}],"wp:term":[{"taxonomy":"category","embeddable":true,"href":"https:\/\/elpueblonoticia.com.ar\/web\/wp-json\/wp\/v2\/categories?post=5363"},{"taxonomy":"post_tag","embeddable":true,"href":"https:\/\/elpueblonoticia.com.ar\/web\/wp-json\/wp\/v2\/tags?post=5363"}],"curies":[{"name":"wp","href":"https:\/\/api.w.org\/{rel}","templated":true}]}}