{"id":5354,"date":"2026-01-10T14:49:53","date_gmt":"2026-01-10T17:49:53","guid":{"rendered":"https:\/\/elpueblonoticia.com.ar\/web\/?p=5354"},"modified":"2026-01-10T15:11:15","modified_gmt":"2026-01-10T18:11:15","slug":"la-union-europea-aprobo-el-acuerdo-comercial-con-el-mercosur","status":"publish","type":"post","link":"https:\/\/elpueblonoticia.com.ar\/web\/2026\/01\/10\/la-union-europea-aprobo-el-acuerdo-comercial-con-el-mercosur\/","title":{"rendered":"La Uni\u00f3n Europea aprob\u00f3 el acuerdo comercial con el mercosur"},"content":{"rendered":"<p>La mayor\u00eda de los pa\u00edses que integran el bloque aceptaron las condiciones del entendimiento tras 25 a\u00f1os de negociaciones. La presidenta de la Comisi\u00f3n Europea viajar\u00eda a Asunci\u00f3n para firmarlo el pr\u00f3ximo lunes. La Uni\u00f3n Europea aprob\u00f3 el acuerdo comercial con el Mercosur este viernes, luego de 25 a\u00f1os de negociaciones.<\/p>\n<p>Esta votaci\u00f3n habilita a la presidenta de la Comisi\u00f3n Europea, Ursula von der Leyen, a viajar a Asunci\u00f3n para firmar el acuerdo comercial con Argentina, Brasil, Uruguay y Paraguay. Lo har\u00eda este lunes.<\/p>\n<p>La aprobaci\u00f3n se da luego de que la mayor\u00eda de los pa\u00edses \u2014al menos el 65%\u2014 que integran el bloque aceptaron las condiciones del acuerdo de libre comercio, pese a la oposici\u00f3n de Francia, Polonia e Irlanda.<\/p>\n<p>Una de las claves fue el cambio de posici\u00f3n de Italia, que en diciembre se sum\u00f3 a la oposici\u00f3n de Francia y consigui\u00f3 entonces bloquear el consenso, pero que esta semana destac\u00f3 los \u201cenormes beneficios\u201d derivados del acuerdo y vot\u00f3 a favor.<\/p>\n<p>Cabe destacar que aunque se lleve adelante la firma este lunes en Asunci\u00f3n, el acuerdo no entrar\u00e1 de inmediato en vigor, dado que necesita la aprobaci\u00f3n del Parlamento Europeo. Esto puede demorar varias semanas.<\/p>\n<p>El resultado de las negociaciones en el Parlamento Europeo, seg\u00fan se\u00f1alan agencias internacionales, no est\u00e1 definido. Alrededor de 150 diputados \u2014de un total de 720\u2014 amenazan con recurrir a la Justicia para impedir la aplicaci\u00f3n del entendimiento econ\u00f3mico.<\/p>\n<p class=\"paragraph font__body-regular\">Las negociaciones entre la Uni\u00f3n Europea y el Mercosur comenzaron en 1999 para llegar a\u00a0este acuerdo, que prev\u00e9 crear la\u00a0mayor zona de libre de comercio del mundo, con m\u00e1s de 700 millones de consumidores, y eliminar aranceles a m\u00e1s del 90% de su comercio bilateral.<\/p>\n<p class=\"paragraph font__body-regular\">Durante los \u00faltimos meses se elev\u00f3 la tensi\u00f3n entre los pa\u00edses europeos, dado que el gobierno de Francia se posicion\u00f3 en contra y el sector agropecuario franc\u00e9s llev\u00f3 adelante\u00a0una ola de protestas.<\/p>\n<p class=\"paragraph font__body-regular\">Los detractores del pacto argumentan que el mercado europeo puede verse seriamente trastocado por la entrada de productos sudamericanos m\u00e1s competitivos debido a unas normas de producci\u00f3n consideradas menos rigurosas.<\/p>\n<p class=\"paragraph font__body-regular\">El sector agropecuario europeo teme el impacto de una llegada masiva de carne, arroz, miel o soja sudamericanos, a cambio de la exportaci\u00f3n de veh\u00edculos, maquinaria, quesos y vinos europeos al Mercosur.<\/p>\n<p class=\"paragraph font__body-regular\">Los defensores del acuerdo, como Espa\u00f1a y Alemania, estiman, en cambio, que el acuerdo\u00a0diversificar\u00e1 las oportunidades comerciales para una Uni\u00f3n Europea\u00a0que se ve amenazada por la competencia china y la pol\u00edtica arancelaria de Estados Unidos.<\/p>\n<p class=\"paragraph font__body-regular\">El bloque sudamericano hab\u00eda dado se\u00f1ales de impaciencia, y en la cumbre celebrada en diciembre, el presidente brasile\u00f1o Luiz In\u00e1cio Lula da Silva pidi\u00f3\u00a0\u201ccoraje\u201d y \u201cvoluntad pol\u00edtica\u201d.<\/p>\n<h2 class=\"font--primary font__display\">Las cl\u00e1usulas que puso la Uni\u00f3n Europea, en medio de las protestas en Francia<\/h2>\n<p class=\"paragraph font__body-regular\">En medio de las fuertes protestas que crecieron durante los \u00faltimos d\u00edas en Francia, la Comisi\u00f3n Europea dise\u00f1\u00f3 una\u00a0serie de cl\u00e1usulas en el acuerdo.<\/p>\n<p class=\"paragraph font__body-regular\">\u201cLas prioridades agr\u00edcolas han estado en el n\u00facleo\u201d\u00a0de las negociaciones, y \u201chemos negociado como locos\u201d, destac\u00f3 este jueves Olof Gill, uno de los portavoces de la Comisi\u00f3n Europea.<\/p>\n<p class=\"paragraph font__body-regular\">Entre las medidas, la Comisi\u00f3n anunci\u00f3 en septiembre una serie degarant\u00edas para sus sectores ganadero, av\u00edcola, del arroz, la miel, los huevos y el etanol, limitando el cupo de productos latinoamericanos exentos de arancel e interviniendo en caso de desestabilizaci\u00f3n del mercado.<\/p>\n<p class=\"paragraph font__body-regular\">En diciembre, la Comisi\u00f3n anunci\u00f3 adem\u00e1s que abrir\u00e1 una\u00a0investigaci\u00f3n si el precio de un producto del Mercosur es al menos un 8% inferior\u00a0al de la Uni\u00f3n Europea y si el volumen de importaciones aumenta m\u00e1s de un 8%.<\/p>\n","protected":false},"excerpt":{"rendered":"<p>La mayor\u00eda de los pa\u00edses que integran el bloque aceptaron las condiciones del entendimiento tras 25 a\u00f1os de negociaciones. La presidenta de la Comisi\u00f3n Europea viajar\u00eda a Asunci\u00f3n para firmarlo el pr\u00f3ximo lunes. La Uni\u00f3n Europea aprob\u00f3 el acuerdo comercial con el Mercosur este viernes, luego de 25 a\u00f1os de negociaciones. Esta votaci\u00f3n habilita a [&hellip;]<\/p>\n","protected":false},"author":2,"featured_media":5355,"comment_status":"open","ping_status":"open","sticky":false,"template":"","format":"standard","meta":{"footnotes":""},"categories":[70],"tags":[],"class_list":{"0":"post-5354","1":"post","2":"type-post","3":"status-publish","4":"format-standard","5":"has-post-thumbnail","7":"category-mundo"},"_links":{"self":[{"href":"https:\/\/elpueblonoticia.com.ar\/web\/wp-json\/wp\/v2\/posts\/5354","targetHints":{"allow":["GET"]}}],"collection":[{"href":"https:\/\/elpueblonoticia.com.ar\/web\/wp-json\/wp\/v2\/posts"}],"about":[{"href":"https:\/\/elpueblonoticia.com.ar\/web\/wp-json\/wp\/v2\/types\/post"}],"author":[{"embeddable":true,"href":"https:\/\/elpueblonoticia.com.ar\/web\/wp-json\/wp\/v2\/users\/2"}],"replies":[{"embeddable":true,"href":"https:\/\/elpueblonoticia.com.ar\/web\/wp-json\/wp\/v2\/comments?post=5354"}],"version-history":[{"count":1,"href":"https:\/\/elpueblonoticia.com.ar\/web\/wp-json\/wp\/v2\/posts\/5354\/revisions"}],"predecessor-version":[{"id":5356,"href":"https:\/\/elpueblonoticia.com.ar\/web\/wp-json\/wp\/v2\/posts\/5354\/revisions\/5356"}],"wp:featuredmedia":[{"embeddable":true,"href":"https:\/\/elpueblonoticia.com.ar\/web\/wp-json\/wp\/v2\/media\/5355"}],"wp:attachment":[{"href":"https:\/\/elpueblonoticia.com.ar\/web\/wp-json\/wp\/v2\/media?parent=5354"}],"wp:term":[{"taxonomy":"category","embeddable":true,"href":"https:\/\/elpueblonoticia.com.ar\/web\/wp-json\/wp\/v2\/categories?post=5354"},{"taxonomy":"post_tag","embeddable":true,"href":"https:\/\/elpueblonoticia.com.ar\/web\/wp-json\/wp\/v2\/tags?post=5354"}],"curies":[{"name":"wp","href":"https:\/\/api.w.org\/{rel}","templated":true}]}}