{"id":5351,"date":"2026-01-10T12:54:52","date_gmt":"2026-01-10T15:54:52","guid":{"rendered":"https:\/\/elpueblonoticia.com.ar\/web\/?p=5351"},"modified":"2026-01-10T12:54:52","modified_gmt":"2026-01-10T15:54:52","slug":"papa-leon-xiv-pidio-por-soluciones-politicas-pacificas-frente-al-conflicto-en-venezuela","status":"publish","type":"post","link":"https:\/\/elpueblonoticia.com.ar\/web\/2026\/01\/10\/papa-leon-xiv-pidio-por-soluciones-politicas-pacificas-frente-al-conflicto-en-venezuela\/","title":{"rendered":"Papa Le\u00f3n XIV pidi\u00f3 por &#8220;soluciones pol\u00edticas pac\u00edficas&#8221; frente al conflicto en Venezuela"},"content":{"rendered":"<p>Durante su discurso, el sumo pot\u00edfice habl\u00f3 sobre el &#8220;aumento de las tensiones en el mar Caribe&#8221; y pidi\u00f3 el &#8220;bien com\u00fan de los pueblos y no la defensa de intereses partidistas&#8221;. Tambi\u00e9n se refiri\u00f3 a la crisis humanitaria que contin\u00faa sufriendo la Franja de Gaza a pesar de la tregua con Israel.<\/p>\n<p>En medio de la tensi\u00f3n entre Venezuela y Estados Unidos, el papa Le\u00f3n XIV llam\u00f3 a buscar &#8220;soluciones pol\u00edticas pac\u00edficas&#8221; tras la operaci\u00f3n estadounidense en territorio venezolano, que termin\u00f3 con el arresto de Nicol\u00e1s Maduro.<\/p>\n<p>Durante su discurso habl\u00f3 sobre el &#8220;aumento de las tensiones en el mar Caribe y a lo largo de la costa pac\u00edfica americana tambi\u00e9n es motivo de profunda preocupaci\u00f3n&#8221;. Ante esto, asegur\u00f3 que &#8220;deseo renovar mi vehemente llamamiento para que se busquen soluciones pol\u00edticas pac\u00edficas a la situaci\u00f3n actual, teniendo presente el bien com\u00fan de los pueblos y no la defensa de intereses partidistas&#8221;.<\/p>\n<p>&#8220;Esto es especialmente v\u00e1lido para Venezuela, tras los recientes acontecimientos. Renuevo mi llamamiento para que se respete la voluntad del pueblo venezolano y se trabaje por la protecci\u00f3n de los derechos humanos y civiles de todos y por la construcci\u00f3n de un futuro de estabilidad y concordia&#8221;, sentenci\u00f3.<\/p>\n<p>Eso no es todo, sino que tambi\u00e9n asegur\u00f3 que &#8220;la guerra vuelve a estar de moda y el entusiasmo b\u00e9lico se extiende. Se ha roto el principio establecido tras la Segunda Guerra Mundial, que prohib\u00eda a los pa\u00edses utilizar la fuerza para violar las fronteras ajenas&#8221;.<\/p>\n<p>En referencia al operativo militar y ataque que realiz\u00f3 Estados Unidos en Venezuela para poder arrestar al expresidente Nicol\u00e1s Maduro y trasladarlo a Nueva York, donde enfrentar\u00e1 la justicia. Sin embargo, esta decisi\u00f3n caus\u00f3 revuelo mundial, a favor y en contra de la decisi\u00f3n de Donald Trump, de entrar en territorio venezolano.<\/p>\n","protected":false},"excerpt":{"rendered":"<p>Durante su discurso, el sumo pot\u00edfice habl\u00f3 sobre el &#8220;aumento de las tensiones en el mar Caribe&#8221; y pidi\u00f3 el &#8220;bien com\u00fan de los pueblos y no la defensa de intereses partidistas&#8221;. Tambi\u00e9n se refiri\u00f3 a la crisis humanitaria que contin\u00faa sufriendo la Franja de Gaza a pesar de la tregua con Israel. En medio [&hellip;]<\/p>\n","protected":false},"author":2,"featured_media":5352,"comment_status":"open","ping_status":"open","sticky":false,"template":"","format":"standard","meta":{"footnotes":""},"categories":[70],"tags":[],"class_list":{"0":"post-5351","1":"post","2":"type-post","3":"status-publish","4":"format-standard","5":"has-post-thumbnail","7":"category-mundo"},"_links":{"self":[{"href":"https:\/\/elpueblonoticia.com.ar\/web\/wp-json\/wp\/v2\/posts\/5351","targetHints":{"allow":["GET"]}}],"collection":[{"href":"https:\/\/elpueblonoticia.com.ar\/web\/wp-json\/wp\/v2\/posts"}],"about":[{"href":"https:\/\/elpueblonoticia.com.ar\/web\/wp-json\/wp\/v2\/types\/post"}],"author":[{"embeddable":true,"href":"https:\/\/elpueblonoticia.com.ar\/web\/wp-json\/wp\/v2\/users\/2"}],"replies":[{"embeddable":true,"href":"https:\/\/elpueblonoticia.com.ar\/web\/wp-json\/wp\/v2\/comments?post=5351"}],"version-history":[{"count":1,"href":"https:\/\/elpueblonoticia.com.ar\/web\/wp-json\/wp\/v2\/posts\/5351\/revisions"}],"predecessor-version":[{"id":5353,"href":"https:\/\/elpueblonoticia.com.ar\/web\/wp-json\/wp\/v2\/posts\/5351\/revisions\/5353"}],"wp:featuredmedia":[{"embeddable":true,"href":"https:\/\/elpueblonoticia.com.ar\/web\/wp-json\/wp\/v2\/media\/5352"}],"wp:attachment":[{"href":"https:\/\/elpueblonoticia.com.ar\/web\/wp-json\/wp\/v2\/media?parent=5351"}],"wp:term":[{"taxonomy":"category","embeddable":true,"href":"https:\/\/elpueblonoticia.com.ar\/web\/wp-json\/wp\/v2\/categories?post=5351"},{"taxonomy":"post_tag","embeddable":true,"href":"https:\/\/elpueblonoticia.com.ar\/web\/wp-json\/wp\/v2\/tags?post=5351"}],"curies":[{"name":"wp","href":"https:\/\/api.w.org\/{rel}","templated":true}]}}