{"id":5333,"date":"2026-01-10T12:42:30","date_gmt":"2026-01-10T15:42:30","guid":{"rendered":"https:\/\/elpueblonoticia.com.ar\/web\/?p=5333"},"modified":"2026-01-10T12:42:30","modified_gmt":"2026-01-10T15:42:30","slug":"el-comando-operativo-de-emergencias-brinda-asistencia-a-mburucuya-afectada-por-un-fuerte-temporal","status":"publish","type":"post","link":"https:\/\/elpueblonoticia.com.ar\/web\/2026\/01\/10\/el-comando-operativo-de-emergencias-brinda-asistencia-a-mburucuya-afectada-por-un-fuerte-temporal\/","title":{"rendered":"El comando operativo de emergencias brinda asistencia a Mburucuy\u00e1, afectada por un fuerte temporal"},"content":{"rendered":"<p>Ayer a la madrugada, la localidad de Mburucuy\u00e1, tanto en su zona urbana como rural, se vio afectada por un fuerte temporal con r\u00e1fagas de viento y granizo, que provocaron ca\u00eddas de \u00e1rboles y tendido el\u00e9ctrico, como as\u00ed tambi\u00e9n voladuras de techos, entre otros da\u00f1os.<\/p>\n<p>Ante esta situaci\u00f3n, el Comando Operativo de Emergencia de Corrientes (COE), a cargo de Bruno Lovinson se moviliz\u00f3 para acudir a la zona afectada, a fin de colaborar con el municipio, gestionando la emergencia h\u00eddrica y asistiendo a los damnificados.<\/p>\n<p>En ese sentido, Lovinson inform\u00f3 que se trabaja con maquinarias de la Direcci\u00f3n Provincial de Vialidad, en tanto que el ministerio de Salud P\u00fablica se hace presente con sus equipos para reforzar los operativos sanitarios.<\/p>\n<p>A su vez, equipos de Bomberos de las localidades de Saladas, Santa Rosa y de Concepci\u00f3n se trasladaron a Mburucuy\u00e1 para prestar apoyo frente a esta contingencia.<\/p>\n<p>Lovinson se\u00f1al\u00f3 adem\u00e1s que se trabaja en terreno evaluando los da\u00f1os y monitoreando en forma permanente la situaci\u00f3n y se realiza un relevamiento oficial de evacuados y da\u00f1os materiales totales para coordinar la asistencia a las familias damnificadas<\/p>\n<p>Cabe destacarse que cuadrillas municipales y personal de Defensa Civil est\u00e1n trabajando para despejar las calles, muchas de ellas bloqueadas por la ca\u00edda de \u00e1rboles de gran porte.<\/p>\n<p>Por ello, solicitaron a la poblaci\u00f3n circular solamente si es estrictamente necesario, ante el peligro que representan los cables ca\u00eddos y las estructuras que a\u00fan podr\u00edan colapsar.<\/p>\n<p>&nbsp;<\/p>\n","protected":false},"excerpt":{"rendered":"<p>Ayer a la madrugada, la localidad de Mburucuy\u00e1, tanto en su zona urbana como rural, se vio afectada por un fuerte temporal con r\u00e1fagas de viento y granizo, que provocaron ca\u00eddas de \u00e1rboles y tendido el\u00e9ctrico, como as\u00ed tambi\u00e9n voladuras de techos, entre otros da\u00f1os. Ante esta situaci\u00f3n, el Comando Operativo de Emergencia de Corrientes [&hellip;]<\/p>\n","protected":false},"author":2,"featured_media":5334,"comment_status":"open","ping_status":"open","sticky":false,"template":"","format":"standard","meta":{"footnotes":""},"categories":[72],"tags":[],"class_list":{"0":"post-5333","1":"post","2":"type-post","3":"status-publish","4":"format-standard","5":"has-post-thumbnail","7":"category-provinciales"},"_links":{"self":[{"href":"https:\/\/elpueblonoticia.com.ar\/web\/wp-json\/wp\/v2\/posts\/5333","targetHints":{"allow":["GET"]}}],"collection":[{"href":"https:\/\/elpueblonoticia.com.ar\/web\/wp-json\/wp\/v2\/posts"}],"about":[{"href":"https:\/\/elpueblonoticia.com.ar\/web\/wp-json\/wp\/v2\/types\/post"}],"author":[{"embeddable":true,"href":"https:\/\/elpueblonoticia.com.ar\/web\/wp-json\/wp\/v2\/users\/2"}],"replies":[{"embeddable":true,"href":"https:\/\/elpueblonoticia.com.ar\/web\/wp-json\/wp\/v2\/comments?post=5333"}],"version-history":[{"count":1,"href":"https:\/\/elpueblonoticia.com.ar\/web\/wp-json\/wp\/v2\/posts\/5333\/revisions"}],"predecessor-version":[{"id":5335,"href":"https:\/\/elpueblonoticia.com.ar\/web\/wp-json\/wp\/v2\/posts\/5333\/revisions\/5335"}],"wp:featuredmedia":[{"embeddable":true,"href":"https:\/\/elpueblonoticia.com.ar\/web\/wp-json\/wp\/v2\/media\/5334"}],"wp:attachment":[{"href":"https:\/\/elpueblonoticia.com.ar\/web\/wp-json\/wp\/v2\/media?parent=5333"}],"wp:term":[{"taxonomy":"category","embeddable":true,"href":"https:\/\/elpueblonoticia.com.ar\/web\/wp-json\/wp\/v2\/categories?post=5333"},{"taxonomy":"post_tag","embeddable":true,"href":"https:\/\/elpueblonoticia.com.ar\/web\/wp-json\/wp\/v2\/tags?post=5333"}],"curies":[{"name":"wp","href":"https:\/\/api.w.org\/{rel}","templated":true}]}}