{"id":5327,"date":"2026-01-10T12:34:26","date_gmt":"2026-01-10T15:34:26","guid":{"rendered":"https:\/\/elpueblonoticia.com.ar\/web\/?p=5327"},"modified":"2026-01-10T12:34:26","modified_gmt":"2026-01-10T15:34:26","slug":"donald-trump-anuncio-que-cancelo-la-segunda-ola-de-ataques-en-venezuela-ante-la-liberacion-de-presos-politicos","status":"publish","type":"post","link":"https:\/\/elpueblonoticia.com.ar\/web\/2026\/01\/10\/donald-trump-anuncio-que-cancelo-la-segunda-ola-de-ataques-en-venezuela-ante-la-liberacion-de-presos-politicos\/","title":{"rendered":"Donald Trump anunci\u00f3 que cancel\u00f3 la segunda ola de ataques en Venezuela ante la liberaci\u00f3n de presos pol\u00edticos"},"content":{"rendered":"<p>El presidente estadounidense destac\u00f3 la cooperaci\u00f3n del gobierno de Delcy Rodr\u00edguez. Advirti\u00f3 que los buques militares permanecer\u00e1n en sus posiciones por \u201cmotivos de seguridad\u201d. El presidente de EE.UU., Donald Trump, anunci\u00f3 que cancel\u00f3 la segunda ola de ataques en Venezuela ante la liberaci\u00f3n de los primeros presos pol\u00edticos.<\/p>\n<p>Para el mandatario estadounidense, este acto representa un \u201cgesto muy importante e inteligente\u201d en medio de la \u201cb\u00fasqueda de la paz\u201d.<\/p>\n<p>&#8220;Estados Unidos y Venezuela est\u00e1n colaborando eficazmente, especialmente en la reconstrucci\u00f3n, de una forma mucho mayor, mejor y m\u00e1s moderna, de su infraestructura de petr\u00f3leo y gas. Gracias a esta cooperaci\u00f3n, cancel\u00e9 la segunda ola de ataques, prevista previamente, que parece no ser necesaria; sin embargo, todos los barcos permanecer\u00e1n en sus posiciones por motivos de seguridad\u201c, destac\u00f3 el mandatario estadounidense en sus redes sociales.<\/p>\n<p>Trump a\u00f1adi\u00f3 que las petroleras de EE.UU. invertir\u00e1n al menos 100.000 millones de d\u00f3lares en Venezuela.<\/p>\n<p class=\"paragraph font__body-regular\">El chavismo comenz\u00f3 a liberar a presos pol\u00edticos, lo que seg\u00fan la Casa Blanca muestra la influencia de Donald Trump en el pa\u00eds tras la captura de\u00a0Nicol\u00e1s\u00a0Maduro.<\/p>\n<p class=\"paragraph font__body-regular\">Son las primeras excarcelaciones bajo la presidencia interina de Delcy Rodr\u00edguez. Entre los primeros liberados est\u00e1n el excandidato presidencial\u00a0Enrique M\u00e1rque<strong>z<\/strong>\u00a0y cinco espa\u00f1oles, entre ellos la activista\u00a0Roc\u00edo San Miguel, quien tiene doble nacionalidad.<\/p>\n<p class=\"paragraph font__body-regular\">\u201cYa termin\u00f3 todo\u201d, dijo M\u00e1rquez, detenido hace un a\u00f1o, tras recobrar la libertad junto con un cercano colaborador de la l\u00edder opositora y Premio Nobel de Paz,\u00a0Mar\u00eda Corina Machado, quien ser\u00e1 recibida por Trump la pr\u00f3xima semana.<\/p>\n<h2 class=\"font--primary font__display\">Trump advirti\u00f3 que podr\u00eda atacar a c\u00e1rteles mexicanos<\/h2>\n<p class=\"paragraph font__body-regular\">Trump dijo que se avecinaban ataques terrestres contra los c\u00e1rteles de la droga tras las operaciones mar\u00edtimas en el Pac\u00edfico y el mar Caribe.<\/p>\n<p class=\"paragraph font__body-regular\">\u201cVamos a empezar ahora a atacar por tierra a los c\u00e1rteles. Los c\u00e1rteles est\u00e1n controlando M\u00e9xico\u201d, dijo\u00a0<i>Trump<\/i>\u00a0en una entrevista emitida el jueves por la noche en\u00a0<i>Fox News<\/i>.<\/p>\n<p class=\"paragraph font__body-regular\">\u201cEs muy, muy triste ver lo que ha pasado en ese pa\u00eds\u201d, a\u00f1adi\u00f3.<\/p>\n<p class=\"paragraph font__body-regular\">M\u00e9xico reforz\u00f3 la cooperaci\u00f3n con Estados Unidos en la frontera y extradit\u00f3 en 2025 decenas de capos narcotraficantes a su vecino del norte. Sin embargo, la presidenta Claudia Sheinbaum asegur\u00f3 en repetidas ocasiones que no desea ver ning\u00fan tipo de intervenci\u00f3n militar en su pa\u00eds.<\/p>\n<p class=\"paragraph font__body-regular\">Tras el ataque en Venezuela que se sald\u00f3 con la captura del presidente Nicol\u00e1s Maduro y su esposa,\u00a0<i>Trump<\/i>\u00a0dijo que le ofreci\u00f3 varias veces a Sheinbaum ayuda para combatir a los c\u00e1rteles.<\/p>\n","protected":false},"excerpt":{"rendered":"<p>El presidente estadounidense destac\u00f3 la cooperaci\u00f3n del gobierno de Delcy Rodr\u00edguez. Advirti\u00f3 que los buques militares permanecer\u00e1n en sus posiciones por \u201cmotivos de seguridad\u201d. El presidente de EE.UU., Donald Trump, anunci\u00f3 que cancel\u00f3 la segunda ola de ataques en Venezuela ante la liberaci\u00f3n de los primeros presos pol\u00edticos. Para el mandatario estadounidense, este acto representa [&hellip;]<\/p>\n","protected":false},"author":2,"featured_media":5328,"comment_status":"open","ping_status":"open","sticky":false,"template":"","format":"standard","meta":{"footnotes":""},"categories":[81],"tags":[],"class_list":{"0":"post-5327","1":"post","2":"type-post","3":"status-publish","4":"format-standard","5":"has-post-thumbnail","7":"category-internacionales"},"_links":{"self":[{"href":"https:\/\/elpueblonoticia.com.ar\/web\/wp-json\/wp\/v2\/posts\/5327","targetHints":{"allow":["GET"]}}],"collection":[{"href":"https:\/\/elpueblonoticia.com.ar\/web\/wp-json\/wp\/v2\/posts"}],"about":[{"href":"https:\/\/elpueblonoticia.com.ar\/web\/wp-json\/wp\/v2\/types\/post"}],"author":[{"embeddable":true,"href":"https:\/\/elpueblonoticia.com.ar\/web\/wp-json\/wp\/v2\/users\/2"}],"replies":[{"embeddable":true,"href":"https:\/\/elpueblonoticia.com.ar\/web\/wp-json\/wp\/v2\/comments?post=5327"}],"version-history":[{"count":1,"href":"https:\/\/elpueblonoticia.com.ar\/web\/wp-json\/wp\/v2\/posts\/5327\/revisions"}],"predecessor-version":[{"id":5329,"href":"https:\/\/elpueblonoticia.com.ar\/web\/wp-json\/wp\/v2\/posts\/5327\/revisions\/5329"}],"wp:featuredmedia":[{"embeddable":true,"href":"https:\/\/elpueblonoticia.com.ar\/web\/wp-json\/wp\/v2\/media\/5328"}],"wp:attachment":[{"href":"https:\/\/elpueblonoticia.com.ar\/web\/wp-json\/wp\/v2\/media?parent=5327"}],"wp:term":[{"taxonomy":"category","embeddable":true,"href":"https:\/\/elpueblonoticia.com.ar\/web\/wp-json\/wp\/v2\/categories?post=5327"},{"taxonomy":"post_tag","embeddable":true,"href":"https:\/\/elpueblonoticia.com.ar\/web\/wp-json\/wp\/v2\/tags?post=5327"}],"curies":[{"name":"wp","href":"https:\/\/api.w.org\/{rel}","templated":true}]}}