{"id":5324,"date":"2026-01-09T17:24:25","date_gmt":"2026-01-09T20:24:25","guid":{"rendered":"https:\/\/elpueblonoticia.com.ar\/web\/?p=5324"},"modified":"2026-01-09T17:24:25","modified_gmt":"2026-01-09T20:24:25","slug":"ruta-14-dos-personas-murieron-calcinadas-tras-un-choque-frontal","status":"publish","type":"post","link":"https:\/\/elpueblonoticia.com.ar\/web\/2026\/01\/09\/ruta-14-dos-personas-murieron-calcinadas-tras-un-choque-frontal\/","title":{"rendered":"Ruta 14: dos personas murieron calcinadas tras un choque frontal"},"content":{"rendered":"<p>El siniestro ocurri\u00f3 a la altura del kil\u00f3metro 793. Un autom\u00f3vil Fiat Siena impact\u00f3 contra un cami\u00f3n y se incendi\u00f3 por completo. La polic\u00eda confirm\u00f3 que las v\u00edctimas fatales son un hombre y una mujer.<\/p>\n<p>Seg\u00fan el informe de la Comisar\u00eda Primera de Santo Tom\u00e9, el accidente ocurri\u00f3 este viernes por la ma\u00f1ana sobre la Ruta Nacional 14 en el kil\u00f3metro 793 y dej\u00f3 como saldo dos personas fallecidas.<\/p>\n<p>El siniestro fue protagonizado por un cami\u00f3n, conducido por un joven de 27 a\u00f1os, y un autom\u00f3vil Fiat Siena. Por causas que a\u00fan son materia de investigaci\u00f3n pericial, ambos veh\u00edculos colisionaron de manera frontal.<\/p>\n<p>Producto del fuerte impacto, el autom\u00f3vil comenz\u00f3 a arder de forma inmediata, siendo consumido por las llamas en su totalidad. En un primer momento, las autoridades hab\u00edan confirmado el deceso de una persona, pero la magnitud del desastre oblig\u00f3 a esperar las tareas de remoci\u00f3n de los veh\u00edculos para tener precisiones.<\/p>\n<p>Pasadas las horas y tras lograr mover la estructura del autom\u00f3vil que hab\u00eda quedado atrapada debajo del cami\u00f3n, los peritos y bomberos lograron sacar un segundo cuerpo. Se tratar\u00eda de una mujer, tambi\u00e9n calcinada.<\/p>\n<p>En el lugar trabaj\u00f3 personal de la Comisar\u00eda Primera, Bomberos Voluntarios y peritos de la Unidad Regional. .<\/p>\n","protected":false},"excerpt":{"rendered":"<p>El siniestro ocurri\u00f3 a la altura del kil\u00f3metro 793. Un autom\u00f3vil Fiat Siena impact\u00f3 contra un cami\u00f3n y se incendi\u00f3 por completo. La polic\u00eda confirm\u00f3 que las v\u00edctimas fatales son un hombre y una mujer. Seg\u00fan el informe de la Comisar\u00eda Primera de Santo Tom\u00e9, el accidente ocurri\u00f3 este viernes por la ma\u00f1ana sobre la [&hellip;]<\/p>\n","protected":false},"author":2,"featured_media":5325,"comment_status":"open","ping_status":"open","sticky":false,"template":"","format":"standard","meta":{"footnotes":""},"categories":[68],"tags":[],"class_list":{"0":"post-5324","1":"post","2":"type-post","3":"status-publish","4":"format-standard","5":"has-post-thumbnail","7":"category-policiales-nacionales"},"_links":{"self":[{"href":"https:\/\/elpueblonoticia.com.ar\/web\/wp-json\/wp\/v2\/posts\/5324","targetHints":{"allow":["GET"]}}],"collection":[{"href":"https:\/\/elpueblonoticia.com.ar\/web\/wp-json\/wp\/v2\/posts"}],"about":[{"href":"https:\/\/elpueblonoticia.com.ar\/web\/wp-json\/wp\/v2\/types\/post"}],"author":[{"embeddable":true,"href":"https:\/\/elpueblonoticia.com.ar\/web\/wp-json\/wp\/v2\/users\/2"}],"replies":[{"embeddable":true,"href":"https:\/\/elpueblonoticia.com.ar\/web\/wp-json\/wp\/v2\/comments?post=5324"}],"version-history":[{"count":1,"href":"https:\/\/elpueblonoticia.com.ar\/web\/wp-json\/wp\/v2\/posts\/5324\/revisions"}],"predecessor-version":[{"id":5326,"href":"https:\/\/elpueblonoticia.com.ar\/web\/wp-json\/wp\/v2\/posts\/5324\/revisions\/5326"}],"wp:featuredmedia":[{"embeddable":true,"href":"https:\/\/elpueblonoticia.com.ar\/web\/wp-json\/wp\/v2\/media\/5325"}],"wp:attachment":[{"href":"https:\/\/elpueblonoticia.com.ar\/web\/wp-json\/wp\/v2\/media?parent=5324"}],"wp:term":[{"taxonomy":"category","embeddable":true,"href":"https:\/\/elpueblonoticia.com.ar\/web\/wp-json\/wp\/v2\/categories?post=5324"},{"taxonomy":"post_tag","embeddable":true,"href":"https:\/\/elpueblonoticia.com.ar\/web\/wp-json\/wp\/v2\/tags?post=5324"}],"curies":[{"name":"wp","href":"https:\/\/api.w.org\/{rel}","templated":true}]}}