{"id":5315,"date":"2026-01-09T17:08:26","date_gmt":"2026-01-09T20:08:26","guid":{"rendered":"https:\/\/elpueblonoticia.com.ar\/web\/?p=5315"},"modified":"2026-01-09T17:08:26","modified_gmt":"2026-01-09T20:08:26","slug":"proteccion-del-arbolado-urbano","status":"publish","type":"post","link":"https:\/\/elpueblonoticia.com.ar\/web\/2026\/01\/09\/proteccion-del-arbolado-urbano\/","title":{"rendered":"\u201cProtecci\u00f3n del arbolado urbano\u201d"},"content":{"rendered":"<p>Recomendaciones y requisitos para la poda y reemplazo de especies arb\u00f3reas<\/p>\n<p>La Direcci\u00f3n de Recursos Naturales y Medio Ambiente de la Municipalidad de Goya, recuerda la Vigencia de la Ordenanza 1247\/2005; a trav\u00e9s de la cual se establece y dispone las condiciones para solicitar la poda de \u00e1rboles.<\/p>\n<p>La poda de \u00e1rboles-explica la repartici\u00f3n municipal- es la pr\u00e1ctica de recortar selectivamente ramas, parte de ramas o incluso ra\u00edces de un \u00e1rbol, con un objetivo espec\u00edfico, como ser mejorar su salud, estructura, apariencia o producci\u00f3n.<\/p>\n<p><strong>PARA TENER EN CUENTA<\/strong>:<\/p>\n<p>La poda debe realizarse en la \u00e9poca correcta: la mayor\u00eda de los cortes se efect\u00faan en invierno o principios de primavera, cuando las especies est\u00e1n en reposo.<\/p>\n<p><strong>NO SE DEBE HACER:<\/strong><\/p>\n<p>Desmochado o terciado<\/p>\n<p>No se realizar\u00e1 podas severas que involucren el corte de grandes ramas, porque debilitan el \u00e1rbol y pueden causar da\u00f1os irreversibles.<\/p>\n<p>El desmochado es una poda destructiva que corta las ramas principales a ras del tronco, dejando \u201cmu\u00f1ones\u201d, mientras que el terciado reduce la altura cortando las ramas dejando aproximadamente un tercio de su longitud; ambas son podas severas y da\u00f1inas, que debilitan al \u00e1rbol, lo exponen a enfermedades, plagas y quemaduras solares, y alteran su estructura natural.<\/p>\n<p>Las recomendadas: la poda de formaci\u00f3n y mantenimiento<\/p>\n<p><strong>REQUISITOS<\/strong><\/p>\n<p>La Direcci\u00f3n de Recursos Naturales de la Municipalidad, pone en conocimiento de los vecinos los requisitos que se deben cumplimentar:<\/p>\n<p>1- Presentar Nota en Mesa de Entrada de la Municipalidad de Goya, donde se arma un expediente, dirigida a la Directora de la mencionada repartici\u00f3n municipal Se\u00f1ora Adriana Gomez Arizaga.<\/p>\n<p>2- Datos del Solicitante: Direcci\u00f3n y un n\u00famero de contacto, de tel\u00e9fono.<\/p>\n<p>En caso de corte\/extracci\u00f3n del \u00e1rbol, explicar el motivo, ubicaci\u00f3n y direcci\u00f3n para verificar el lugar.<\/p>\n<p>Finalmente recuerda: Deber\u00e1 colocar el reemplazo del \u00e1rbol extra\u00eddo por una especie nativa apta a la dimensi\u00f3n de la vereda.<\/p>\n","protected":false},"excerpt":{"rendered":"<p>Recomendaciones y requisitos para la poda y reemplazo de especies arb\u00f3reas La Direcci\u00f3n de Recursos Naturales y Medio Ambiente de la Municipalidad de Goya, recuerda la Vigencia de la Ordenanza 1247\/2005; a trav\u00e9s de la cual se establece y dispone las condiciones para solicitar la poda de \u00e1rboles. La poda de \u00e1rboles-explica la repartici\u00f3n municipal- [&hellip;]<\/p>\n","protected":false},"author":2,"featured_media":5316,"comment_status":"open","ping_status":"open","sticky":false,"template":"","format":"standard","meta":{"footnotes":""},"categories":[56],"tags":[],"class_list":{"0":"post-5315","1":"post","2":"type-post","3":"status-publish","4":"format-standard","5":"has-post-thumbnail","7":"category-locales"},"_links":{"self":[{"href":"https:\/\/elpueblonoticia.com.ar\/web\/wp-json\/wp\/v2\/posts\/5315","targetHints":{"allow":["GET"]}}],"collection":[{"href":"https:\/\/elpueblonoticia.com.ar\/web\/wp-json\/wp\/v2\/posts"}],"about":[{"href":"https:\/\/elpueblonoticia.com.ar\/web\/wp-json\/wp\/v2\/types\/post"}],"author":[{"embeddable":true,"href":"https:\/\/elpueblonoticia.com.ar\/web\/wp-json\/wp\/v2\/users\/2"}],"replies":[{"embeddable":true,"href":"https:\/\/elpueblonoticia.com.ar\/web\/wp-json\/wp\/v2\/comments?post=5315"}],"version-history":[{"count":1,"href":"https:\/\/elpueblonoticia.com.ar\/web\/wp-json\/wp\/v2\/posts\/5315\/revisions"}],"predecessor-version":[{"id":5317,"href":"https:\/\/elpueblonoticia.com.ar\/web\/wp-json\/wp\/v2\/posts\/5315\/revisions\/5317"}],"wp:featuredmedia":[{"embeddable":true,"href":"https:\/\/elpueblonoticia.com.ar\/web\/wp-json\/wp\/v2\/media\/5316"}],"wp:attachment":[{"href":"https:\/\/elpueblonoticia.com.ar\/web\/wp-json\/wp\/v2\/media?parent=5315"}],"wp:term":[{"taxonomy":"category","embeddable":true,"href":"https:\/\/elpueblonoticia.com.ar\/web\/wp-json\/wp\/v2\/categories?post=5315"},{"taxonomy":"post_tag","embeddable":true,"href":"https:\/\/elpueblonoticia.com.ar\/web\/wp-json\/wp\/v2\/tags?post=5315"}],"curies":[{"name":"wp","href":"https:\/\/api.w.org\/{rel}","templated":true}]}}