{"id":5309,"date":"2026-01-09T13:03:46","date_gmt":"2026-01-09T16:03:46","guid":{"rendered":"https:\/\/elpueblonoticia.com.ar\/web\/?p=5309"},"modified":"2026-01-09T13:03:46","modified_gmt":"2026-01-09T16:03:46","slug":"informacion-sobre-atencion-psicologica-municipal","status":"publish","type":"post","link":"https:\/\/elpueblonoticia.com.ar\/web\/2026\/01\/09\/informacion-sobre-atencion-psicologica-municipal\/","title":{"rendered":"Informaci\u00f3n sobre Atenci\u00f3n Psicol\u00f3gica Municipal"},"content":{"rendered":"<p><strong>Info general<\/strong><\/p>\n<p>9 de Enero de 2026<\/p>\n<p>La Municipalidad de Paso de los Libres, a trav\u00e9s de la Secretar\u00eda de Salud, informa que a partir del lunes 5 de febrero se brindar\u00e1 el servicio de Atenci\u00f3n Psicol\u00f3gica y Psicopedag\u00f3gica, destinado a acompa\u00f1ar y fortalecer la salud integral de la comunidad.<\/p>\n<p>Las personas interesadas podr\u00e1n solicitar turno en la Secretar\u00eda de Salud \u2013 \u00c1rea Discapacidad, en el horario de 8 a 12 horas.<\/p>\n<p>Desde el Municipio se contin\u00faa trabajando en el fortalecimiento de pol\u00edticas p\u00fablicas que promuevan el acceso a la salud, garantizando espacios de acompa\u00f1amiento profesional y contenci\u00f3n para vecinos y vecinas de la ciudad.<\/p>\n","protected":false},"excerpt":{"rendered":"<p>Info general 9 de Enero de 2026 La Municipalidad de Paso de los Libres, a trav\u00e9s de la Secretar\u00eda de Salud, informa que a partir del lunes 5 de febrero se brindar\u00e1 el servicio de Atenci\u00f3n Psicol\u00f3gica y Psicopedag\u00f3gica, destinado a acompa\u00f1ar y fortalecer la salud integral de la comunidad. Las personas interesadas podr\u00e1n solicitar [&hellip;]<\/p>\n","protected":false},"author":2,"featured_media":5310,"comment_status":"open","ping_status":"open","sticky":false,"template":"","format":"standard","meta":{"footnotes":""},"categories":[77],"tags":[],"class_list":{"0":"post-5309","1":"post","2":"type-post","3":"status-publish","4":"format-standard","5":"has-post-thumbnail","7":"category-paso-de-los-libres"},"_links":{"self":[{"href":"https:\/\/elpueblonoticia.com.ar\/web\/wp-json\/wp\/v2\/posts\/5309","targetHints":{"allow":["GET"]}}],"collection":[{"href":"https:\/\/elpueblonoticia.com.ar\/web\/wp-json\/wp\/v2\/posts"}],"about":[{"href":"https:\/\/elpueblonoticia.com.ar\/web\/wp-json\/wp\/v2\/types\/post"}],"author":[{"embeddable":true,"href":"https:\/\/elpueblonoticia.com.ar\/web\/wp-json\/wp\/v2\/users\/2"}],"replies":[{"embeddable":true,"href":"https:\/\/elpueblonoticia.com.ar\/web\/wp-json\/wp\/v2\/comments?post=5309"}],"version-history":[{"count":1,"href":"https:\/\/elpueblonoticia.com.ar\/web\/wp-json\/wp\/v2\/posts\/5309\/revisions"}],"predecessor-version":[{"id":5311,"href":"https:\/\/elpueblonoticia.com.ar\/web\/wp-json\/wp\/v2\/posts\/5309\/revisions\/5311"}],"wp:featuredmedia":[{"embeddable":true,"href":"https:\/\/elpueblonoticia.com.ar\/web\/wp-json\/wp\/v2\/media\/5310"}],"wp:attachment":[{"href":"https:\/\/elpueblonoticia.com.ar\/web\/wp-json\/wp\/v2\/media?parent=5309"}],"wp:term":[{"taxonomy":"category","embeddable":true,"href":"https:\/\/elpueblonoticia.com.ar\/web\/wp-json\/wp\/v2\/categories?post=5309"},{"taxonomy":"post_tag","embeddable":true,"href":"https:\/\/elpueblonoticia.com.ar\/web\/wp-json\/wp\/v2\/tags?post=5309"}],"curies":[{"name":"wp","href":"https:\/\/api.w.org\/{rel}","templated":true}]}}