{"id":5306,"date":"2026-01-08T20:27:13","date_gmt":"2026-01-08T23:27:13","guid":{"rendered":"https:\/\/elpueblonoticia.com.ar\/web\/?p=5306"},"modified":"2026-01-08T20:27:13","modified_gmt":"2026-01-08T23:27:13","slug":"el-municipio-ratifica-el-acompanamiento-a-pacientes-oncologicos-y-sus-familias","status":"publish","type":"post","link":"https:\/\/elpueblonoticia.com.ar\/web\/2026\/01\/08\/el-municipio-ratifica-el-acompanamiento-a-pacientes-oncologicos-y-sus-familias\/","title":{"rendered":"El Municipio ratifica el acompa\u00f1amiento a pacientes oncol\u00f3gicos y sus familias"},"content":{"rendered":"<p><strong>Info General<\/strong><\/p>\n<p>Jueves 8 de Enero de 2026<\/p>\n<p>El intendente de Paso de los Libres, Agust\u00edn Faraldo, mantuvo una reuni\u00f3n con representantes de 35 pacientes oncol\u00f3gicos que realizan traslados desde la Secretar\u00eda de Salud municipal hasta la ciudad de Curuz\u00fa Cuati\u00e1 para llevar adelante sus tratamientos m\u00e9dicos.<\/p>\n<p>El encuentro se desarroll\u00f3 en un marco de di\u00e1logo y escucha, con el objetivo de continuar trabajando de manera conjunta y fortalecer el acompa\u00f1amiento a las personas que atraviesan tratamientos oncol\u00f3gicos.<\/p>\n<p>Desde el Municipio se inform\u00f3 que los viajes para los pacientes contin\u00faan con normalidad, llevando tranquilidad tanto a las familias como a quienes requieren este servicio esencial para su atenci\u00f3n de salud.<\/p>\n<p>Asimismo, se reafirm\u00f3 el compromiso de seguir acompa\u00f1ando a los pacientes y sostener acciones que prioricen la salud y el bienestar de la comunidad.<\/p>\n","protected":false},"excerpt":{"rendered":"<p>Info General Jueves 8 de Enero de 2026 El intendente de Paso de los Libres, Agust\u00edn Faraldo, mantuvo una reuni\u00f3n con representantes de 35 pacientes oncol\u00f3gicos que realizan traslados desde la Secretar\u00eda de Salud municipal hasta la ciudad de Curuz\u00fa Cuati\u00e1 para llevar adelante sus tratamientos m\u00e9dicos. El encuentro se desarroll\u00f3 en un marco de [&hellip;]<\/p>\n","protected":false},"author":2,"featured_media":5307,"comment_status":"open","ping_status":"open","sticky":false,"template":"","format":"standard","meta":{"footnotes":""},"categories":[77],"tags":[],"class_list":{"0":"post-5306","1":"post","2":"type-post","3":"status-publish","4":"format-standard","5":"has-post-thumbnail","7":"category-paso-de-los-libres"},"_links":{"self":[{"href":"https:\/\/elpueblonoticia.com.ar\/web\/wp-json\/wp\/v2\/posts\/5306","targetHints":{"allow":["GET"]}}],"collection":[{"href":"https:\/\/elpueblonoticia.com.ar\/web\/wp-json\/wp\/v2\/posts"}],"about":[{"href":"https:\/\/elpueblonoticia.com.ar\/web\/wp-json\/wp\/v2\/types\/post"}],"author":[{"embeddable":true,"href":"https:\/\/elpueblonoticia.com.ar\/web\/wp-json\/wp\/v2\/users\/2"}],"replies":[{"embeddable":true,"href":"https:\/\/elpueblonoticia.com.ar\/web\/wp-json\/wp\/v2\/comments?post=5306"}],"version-history":[{"count":1,"href":"https:\/\/elpueblonoticia.com.ar\/web\/wp-json\/wp\/v2\/posts\/5306\/revisions"}],"predecessor-version":[{"id":5308,"href":"https:\/\/elpueblonoticia.com.ar\/web\/wp-json\/wp\/v2\/posts\/5306\/revisions\/5308"}],"wp:featuredmedia":[{"embeddable":true,"href":"https:\/\/elpueblonoticia.com.ar\/web\/wp-json\/wp\/v2\/media\/5307"}],"wp:attachment":[{"href":"https:\/\/elpueblonoticia.com.ar\/web\/wp-json\/wp\/v2\/media?parent=5306"}],"wp:term":[{"taxonomy":"category","embeddable":true,"href":"https:\/\/elpueblonoticia.com.ar\/web\/wp-json\/wp\/v2\/categories?post=5306"},{"taxonomy":"post_tag","embeddable":true,"href":"https:\/\/elpueblonoticia.com.ar\/web\/wp-json\/wp\/v2\/tags?post=5306"}],"curies":[{"name":"wp","href":"https:\/\/api.w.org\/{rel}","templated":true}]}}