{"id":5300,"date":"2026-01-08T17:49:32","date_gmt":"2026-01-08T20:49:32","guid":{"rendered":"https:\/\/elpueblonoticia.com.ar\/web\/?p=5300"},"modified":"2026-01-08T17:49:32","modified_gmt":"2026-01-08T20:49:32","slug":"se-instalaron-10-nuevos-volquetes-en-distintos-puntos-de-la-ciudad","status":"publish","type":"post","link":"https:\/\/elpueblonoticia.com.ar\/web\/2026\/01\/08\/se-instalaron-10-nuevos-volquetes-en-distintos-puntos-de-la-ciudad\/","title":{"rendered":"SE INSTALARON 10 NUEVOS VOLQUETES EN DISTINTOS PUNTOS DE LA CIUDAD"},"content":{"rendered":"<p><strong>Informaci\u00f3n General<\/strong><\/p>\n<p>Jueves 8 de Enero de 2026<\/p>\n<p>El secretario de Gobierno de la Municipalidad de Paso de los Libres, Santiago Rodr\u00edguez, junto al secretario de Obras y Servicios P\u00fablicos, Nelson Schiro, y el secretario de Desarrollo Humano, Cristian Ortiz, supervisaron la instalaci\u00f3n de 10 nuevos volquetes en distintos puntos estrat\u00e9gicos de la ciudad.<\/p>\n<p>La acci\u00f3n forma parte de un plan integral impulsado por el Municipio para la erradicaci\u00f3n de microbasurales y el fortalecimiento del sistema de disposici\u00f3n de residuos.<\/p>\n<p>Actualmente, Paso de los Libres cuenta con m\u00e1s de 35 volquetes distribuidos en sectores estrat\u00e9gicos de la ciudad, lo que permite mejorar las condiciones de higiene urbana y el cuidado del ambiente.<\/p>\n<p>Desde el Municipio se remarc\u00f3 que estas acciones requieren del compromiso conjunto entre el Estado y los vecinos, promoviendo una ciudad m\u00e1s limpia, ordenada y sustentable.<\/p>\n<p><strong>Ahora el pueblo se pregunta !!<\/strong><\/p>\n<p>La reciente instalaci\u00f3n de 10 nuevos volquetes en distintos puntos estrat\u00e9gicos de la ciudad de Paso de los Libres es un paso adelante en la lucha contra los microbasurales y la mejora de la disposici\u00f3n de residuos. Sin embargo, como ciudadanos, es nuestro derecho saber&#8230;<strong>\u00a0 \u00bf c\u00f3mo se est\u00e1 gestionando el servicio de volquetes? La falta de informaci\u00f3n sobre la empresa beneficiaria de la adjudicaci\u00f3n del servicio de volquetes es un tema que genera inquietud.\u00a0<\/strong><\/p>\n<p><strong>\u00bfQui\u00e9n se beneficia de este negocio? \u00bfSe ha seguido el debido proceso de licitaci\u00f3n? \u00bfSe ha considerado el impacto ambiental y social de esta terciarizaci\u00f3n?<\/strong><\/p>\n","protected":false},"excerpt":{"rendered":"<p>Informaci\u00f3n General Jueves 8 de Enero de 2026 El secretario de Gobierno de la Municipalidad de Paso de los Libres, Santiago Rodr\u00edguez, junto al secretario de Obras y Servicios P\u00fablicos, Nelson Schiro, y el secretario de Desarrollo Humano, Cristian Ortiz, supervisaron la instalaci\u00f3n de 10 nuevos volquetes en distintos puntos estrat\u00e9gicos de la ciudad. La [&hellip;]<\/p>\n","protected":false},"author":2,"featured_media":5301,"comment_status":"open","ping_status":"open","sticky":false,"template":"","format":"standard","meta":{"footnotes":""},"categories":[77],"tags":[],"class_list":{"0":"post-5300","1":"post","2":"type-post","3":"status-publish","4":"format-standard","5":"has-post-thumbnail","7":"category-paso-de-los-libres"},"_links":{"self":[{"href":"https:\/\/elpueblonoticia.com.ar\/web\/wp-json\/wp\/v2\/posts\/5300","targetHints":{"allow":["GET"]}}],"collection":[{"href":"https:\/\/elpueblonoticia.com.ar\/web\/wp-json\/wp\/v2\/posts"}],"about":[{"href":"https:\/\/elpueblonoticia.com.ar\/web\/wp-json\/wp\/v2\/types\/post"}],"author":[{"embeddable":true,"href":"https:\/\/elpueblonoticia.com.ar\/web\/wp-json\/wp\/v2\/users\/2"}],"replies":[{"embeddable":true,"href":"https:\/\/elpueblonoticia.com.ar\/web\/wp-json\/wp\/v2\/comments?post=5300"}],"version-history":[{"count":1,"href":"https:\/\/elpueblonoticia.com.ar\/web\/wp-json\/wp\/v2\/posts\/5300\/revisions"}],"predecessor-version":[{"id":5302,"href":"https:\/\/elpueblonoticia.com.ar\/web\/wp-json\/wp\/v2\/posts\/5300\/revisions\/5302"}],"wp:featuredmedia":[{"embeddable":true,"href":"https:\/\/elpueblonoticia.com.ar\/web\/wp-json\/wp\/v2\/media\/5301"}],"wp:attachment":[{"href":"https:\/\/elpueblonoticia.com.ar\/web\/wp-json\/wp\/v2\/media?parent=5300"}],"wp:term":[{"taxonomy":"category","embeddable":true,"href":"https:\/\/elpueblonoticia.com.ar\/web\/wp-json\/wp\/v2\/categories?post=5300"},{"taxonomy":"post_tag","embeddable":true,"href":"https:\/\/elpueblonoticia.com.ar\/web\/wp-json\/wp\/v2\/tags?post=5300"}],"curies":[{"name":"wp","href":"https:\/\/api.w.org\/{rel}","templated":true}]}}