{"id":5297,"date":"2026-01-08T14:18:24","date_gmt":"2026-01-08T17:18:24","guid":{"rendered":"https:\/\/elpueblonoticia.com.ar\/web\/?p=5297"},"modified":"2026-01-08T14:18:24","modified_gmt":"2026-01-08T17:18:24","slug":"cientos-de-miles-de-fieles-veneran-en-mercedes-al-gauchito-gil","status":"publish","type":"post","link":"https:\/\/elpueblonoticia.com.ar\/web\/2026\/01\/08\/cientos-de-miles-de-fieles-veneran-en-mercedes-al-gauchito-gil\/","title":{"rendered":"Cientos de miles de fieles veneran en Mercedes al Gauchito Gil"},"content":{"rendered":"<p>La devoci\u00f3n popular pagana m\u00e1s potente de la Argentina se vive a pleno en Mercedes. Desde las 0 de hoy miles de fieles llegaron al remozado santuario ubicado por Ruta 123. Con el primer minuto del d\u00eda se vivi\u00f3 un momento impresionante con un espect\u00e1culo de fuegos artificiales en el lugar.<\/p>\n<p>Las banderas rojas desplegadas al viento tornan inocultables los sitios de veneraci\u00f3n, donde los devotos encienden velas rojas y dejan toda clase de objetos para cumplir la promesa por los favores sobrenaturales recibidos.<\/p>\n<p>Pero es cada 8 de enero, en la localidad correntina de Mercedes -donde la tradici\u00f3n oral ubica en 1870 al personaje y su leyenda-, que la exaltaci\u00f3n del Gauchito cobra espectacularidad sin par, en una multitudinaria explosi\u00f3n de entusiasmo, m\u00fasica y fervor, que la convierten en la m\u00e1s colorida de las que generan las creencias populares.<\/p>\n<p>All\u00ed se levanta el &#8220;santuario&#8221; principal, y se erige la cruz de espinillo, que juega un papel principal en la historia de Antonio Mamerto Gil, el &#8220;gauchito&#8221; venerado.<\/p>\n","protected":false},"excerpt":{"rendered":"<p>La devoci\u00f3n popular pagana m\u00e1s potente de la Argentina se vive a pleno en Mercedes. Desde las 0 de hoy miles de fieles llegaron al remozado santuario ubicado por Ruta 123. Con el primer minuto del d\u00eda se vivi\u00f3 un momento impresionante con un espect\u00e1culo de fuegos artificiales en el lugar. Las banderas rojas desplegadas [&hellip;]<\/p>\n","protected":false},"author":2,"featured_media":5298,"comment_status":"open","ping_status":"open","sticky":false,"template":"","format":"standard","meta":{"footnotes":""},"categories":[72],"tags":[],"class_list":{"0":"post-5297","1":"post","2":"type-post","3":"status-publish","4":"format-standard","5":"has-post-thumbnail","7":"category-provinciales"},"_links":{"self":[{"href":"https:\/\/elpueblonoticia.com.ar\/web\/wp-json\/wp\/v2\/posts\/5297","targetHints":{"allow":["GET"]}}],"collection":[{"href":"https:\/\/elpueblonoticia.com.ar\/web\/wp-json\/wp\/v2\/posts"}],"about":[{"href":"https:\/\/elpueblonoticia.com.ar\/web\/wp-json\/wp\/v2\/types\/post"}],"author":[{"embeddable":true,"href":"https:\/\/elpueblonoticia.com.ar\/web\/wp-json\/wp\/v2\/users\/2"}],"replies":[{"embeddable":true,"href":"https:\/\/elpueblonoticia.com.ar\/web\/wp-json\/wp\/v2\/comments?post=5297"}],"version-history":[{"count":1,"href":"https:\/\/elpueblonoticia.com.ar\/web\/wp-json\/wp\/v2\/posts\/5297\/revisions"}],"predecessor-version":[{"id":5299,"href":"https:\/\/elpueblonoticia.com.ar\/web\/wp-json\/wp\/v2\/posts\/5297\/revisions\/5299"}],"wp:featuredmedia":[{"embeddable":true,"href":"https:\/\/elpueblonoticia.com.ar\/web\/wp-json\/wp\/v2\/media\/5298"}],"wp:attachment":[{"href":"https:\/\/elpueblonoticia.com.ar\/web\/wp-json\/wp\/v2\/media?parent=5297"}],"wp:term":[{"taxonomy":"category","embeddable":true,"href":"https:\/\/elpueblonoticia.com.ar\/web\/wp-json\/wp\/v2\/categories?post=5297"},{"taxonomy":"post_tag","embeddable":true,"href":"https:\/\/elpueblonoticia.com.ar\/web\/wp-json\/wp\/v2\/tags?post=5297"}],"curies":[{"name":"wp","href":"https:\/\/api.w.org\/{rel}","templated":true}]}}