{"id":5294,"date":"2026-01-08T14:16:19","date_gmt":"2026-01-08T17:16:19","guid":{"rendered":"https:\/\/elpueblonoticia.com.ar\/web\/?p=5294"},"modified":"2026-01-08T14:16:19","modified_gmt":"2026-01-08T17:16:19","slug":"se-conocio-un-dibujo-que-seria-clave-para-identificar-a-quien-se-habria-llevado-a-loan","status":"publish","type":"post","link":"https:\/\/elpueblonoticia.com.ar\/web\/2026\/01\/08\/se-conocio-un-dibujo-que-seria-clave-para-identificar-a-quien-se-habria-llevado-a-loan\/","title":{"rendered":"Se conoci\u00f3 un dibujo que ser\u00eda clave para identificar a quien se habr\u00eda llevado a Loan"},"content":{"rendered":"<p>Siete personas se encuentran detenidas y procesadas por la desaparici\u00f3n de Loan Pe\u00f1a. La causa principal fue elevada a juicio oral. A m\u00e1s de un a\u00f1o y medio de la desaparici\u00f3n de Loan Pe\u00f1a, el nene que desapareci\u00f3 el 13 de junio de 2024 en Corrientes, se conoci\u00f3 un dibujo que podr\u00eda ser clave para identificar a la persona que se llev\u00f3 al menor. Cabe destacar que hay siete personas detenidas y procesadas por su desaparici\u00f3n.<\/p>\n<p>En dicho dibujo se observa a un hombre vestido con un buzo negro con capucha y con un pantal\u00f3n celeste. Junto al sospechoso, se observa a un ni\u00f1o (Loan) quien lleva una remera y un pantal\u00f3n negro.<\/p>\n<p>De acuerdo al an\u00e1lisis descriptivo del dibujo al que accedi\u00f3 el periodista Alejandro Pueblas, no habr\u00eda una relaci\u00f3n afectiva entre el sospechoso y Loan. Esto se debe a que no hay una proximidad corporal natural, lo que se lee como control y no como protecci\u00f3n. A su vez, el ni\u00f1o tiene una expresi\u00f3n triste o de angustia, ya que no se lo ve sonriendo.<\/p>\n","protected":false},"excerpt":{"rendered":"<p>Siete personas se encuentran detenidas y procesadas por la desaparici\u00f3n de Loan Pe\u00f1a. La causa principal fue elevada a juicio oral. A m\u00e1s de un a\u00f1o y medio de la desaparici\u00f3n de Loan Pe\u00f1a, el nene que desapareci\u00f3 el 13 de junio de 2024 en Corrientes, se conoci\u00f3 un dibujo que podr\u00eda ser clave para [&hellip;]<\/p>\n","protected":false},"author":2,"featured_media":5295,"comment_status":"open","ping_status":"open","sticky":false,"template":"","format":"standard","meta":{"footnotes":""},"categories":[68],"tags":[],"class_list":{"0":"post-5294","1":"post","2":"type-post","3":"status-publish","4":"format-standard","5":"has-post-thumbnail","7":"category-policiales-nacionales"},"_links":{"self":[{"href":"https:\/\/elpueblonoticia.com.ar\/web\/wp-json\/wp\/v2\/posts\/5294","targetHints":{"allow":["GET"]}}],"collection":[{"href":"https:\/\/elpueblonoticia.com.ar\/web\/wp-json\/wp\/v2\/posts"}],"about":[{"href":"https:\/\/elpueblonoticia.com.ar\/web\/wp-json\/wp\/v2\/types\/post"}],"author":[{"embeddable":true,"href":"https:\/\/elpueblonoticia.com.ar\/web\/wp-json\/wp\/v2\/users\/2"}],"replies":[{"embeddable":true,"href":"https:\/\/elpueblonoticia.com.ar\/web\/wp-json\/wp\/v2\/comments?post=5294"}],"version-history":[{"count":1,"href":"https:\/\/elpueblonoticia.com.ar\/web\/wp-json\/wp\/v2\/posts\/5294\/revisions"}],"predecessor-version":[{"id":5296,"href":"https:\/\/elpueblonoticia.com.ar\/web\/wp-json\/wp\/v2\/posts\/5294\/revisions\/5296"}],"wp:featuredmedia":[{"embeddable":true,"href":"https:\/\/elpueblonoticia.com.ar\/web\/wp-json\/wp\/v2\/media\/5295"}],"wp:attachment":[{"href":"https:\/\/elpueblonoticia.com.ar\/web\/wp-json\/wp\/v2\/media?parent=5294"}],"wp:term":[{"taxonomy":"category","embeddable":true,"href":"https:\/\/elpueblonoticia.com.ar\/web\/wp-json\/wp\/v2\/categories?post=5294"},{"taxonomy":"post_tag","embeddable":true,"href":"https:\/\/elpueblonoticia.com.ar\/web\/wp-json\/wp\/v2\/tags?post=5294"}],"curies":[{"name":"wp","href":"https:\/\/api.w.org\/{rel}","templated":true}]}}