{"id":5290,"date":"2026-01-08T14:11:43","date_gmt":"2026-01-08T17:11:43","guid":{"rendered":"https:\/\/elpueblonoticia.com.ar\/web\/?p=5290"},"modified":"2026-01-08T14:13:29","modified_gmt":"2026-01-08T17:13:29","slug":"se-conoce-la-identidad-de-los-dos-fallecidos-tras-el-siniestro-vial-por-ruta-12","status":"publish","type":"post","link":"https:\/\/elpueblonoticia.com.ar\/web\/2026\/01\/08\/se-conoce-la-identidad-de-los-dos-fallecidos-tras-el-siniestro-vial-por-ruta-12\/","title":{"rendered":"Se conoce la identidad de los dos fallecidos tras el siniestro vial por ruta 12"},"content":{"rendered":"<p>Tal lo informado m\u00e1s temprano, dos hombres perdieron la vida esta ma\u00f1ana, luego que la camioneta en la que se dirig\u00edan hacia la ciudad de Goya volcara y se incendiara pasando la localidad de Empedrado. Se trata de dos j\u00f3venes de apellidos Meza y D\u00edaz, ambos mayores de edad. El utilitario era de la empresa &#8220;Link Publicidad&#8221;.<\/p>\n<p>Cerca del &#8220;Arroyo Gonz\u00e1lez&#8221;, el veh\u00edculo en cuesti\u00f3n -una Pick Up Utilitaria marca Foison- se sali\u00f3 de control, volc\u00f3 a la altura del kil\u00f3metro 973 y se prendio fuego.<\/p>\n<p>Fue pasada las 8.15 y al parecer, no habr\u00eda un animal silvestre involucrado,seg\u00fan revelaron fuentes locales.<br \/>\nLas causas est\u00e1n en plena investigaci\u00f3n. Las v\u00edctimas son dos hombres de apellidos D\u00edaz y Meza, oriundos de la cuudad de Corrientes, quienes parecieron calcinados.<\/p>\n<p>Bomberos Voluntarios y personal de la comisar\u00eda de Empedrado trabajaron en el lugar.<\/p>\n","protected":false},"excerpt":{"rendered":"<p>Tal lo informado m\u00e1s temprano, dos hombres perdieron la vida esta ma\u00f1ana, luego que la camioneta en la que se dirig\u00edan hacia la ciudad de Goya volcara y se incendiara pasando la localidad de Empedrado. Se trata de dos j\u00f3venes de apellidos Meza y D\u00edaz, ambos mayores de edad. El utilitario era de la empresa [&hellip;]<\/p>\n","protected":false},"author":2,"featured_media":5293,"comment_status":"open","ping_status":"open","sticky":false,"template":"","format":"standard","meta":{"footnotes":""},"categories":[68],"tags":[],"class_list":{"0":"post-5290","1":"post","2":"type-post","3":"status-publish","4":"format-standard","5":"has-post-thumbnail","7":"category-policiales-nacionales"},"_links":{"self":[{"href":"https:\/\/elpueblonoticia.com.ar\/web\/wp-json\/wp\/v2\/posts\/5290","targetHints":{"allow":["GET"]}}],"collection":[{"href":"https:\/\/elpueblonoticia.com.ar\/web\/wp-json\/wp\/v2\/posts"}],"about":[{"href":"https:\/\/elpueblonoticia.com.ar\/web\/wp-json\/wp\/v2\/types\/post"}],"author":[{"embeddable":true,"href":"https:\/\/elpueblonoticia.com.ar\/web\/wp-json\/wp\/v2\/users\/2"}],"replies":[{"embeddable":true,"href":"https:\/\/elpueblonoticia.com.ar\/web\/wp-json\/wp\/v2\/comments?post=5290"}],"version-history":[{"count":1,"href":"https:\/\/elpueblonoticia.com.ar\/web\/wp-json\/wp\/v2\/posts\/5290\/revisions"}],"predecessor-version":[{"id":5292,"href":"https:\/\/elpueblonoticia.com.ar\/web\/wp-json\/wp\/v2\/posts\/5290\/revisions\/5292"}],"wp:featuredmedia":[{"embeddable":true,"href":"https:\/\/elpueblonoticia.com.ar\/web\/wp-json\/wp\/v2\/media\/5293"}],"wp:attachment":[{"href":"https:\/\/elpueblonoticia.com.ar\/web\/wp-json\/wp\/v2\/media?parent=5290"}],"wp:term":[{"taxonomy":"category","embeddable":true,"href":"https:\/\/elpueblonoticia.com.ar\/web\/wp-json\/wp\/v2\/categories?post=5290"},{"taxonomy":"post_tag","embeddable":true,"href":"https:\/\/elpueblonoticia.com.ar\/web\/wp-json\/wp\/v2\/tags?post=5290"}],"curies":[{"name":"wp","href":"https:\/\/api.w.org\/{rel}","templated":true}]}}