{"id":5287,"date":"2026-01-08T14:10:25","date_gmt":"2026-01-08T17:10:25","guid":{"rendered":"https:\/\/elpueblonoticia.com.ar\/web\/?p=5287"},"modified":"2026-01-08T14:10:25","modified_gmt":"2026-01-08T17:10:25","slug":"la-policia-refuerza-la-lucha-contra-el-abigeato-con-nuevos-controles","status":"publish","type":"post","link":"https:\/\/elpueblonoticia.com.ar\/web\/2026\/01\/08\/la-policia-refuerza-la-lucha-contra-el-abigeato-con-nuevos-controles\/","title":{"rendered":"La polic\u00eda refuerza la lucha contra el abigeato con nuevos controles"},"content":{"rendered":"<p>Intendentes de seis localidades y la Polic\u00eda de Corrientes se reunieron con carniceros en Lavalle para coordinar acciones preventivas, garantizar la legalidad de la carne y anticipar operativos sorpresa en toda la zona. Este frente com\u00fan busca fortalecer el trabajo articulado entre los municipios y la Polic\u00eda de Corrientes, en el marco de un intenso plan de lucha contra el robo de ganado.<\/p>\n<p>Durante la ma\u00f1ana del mi\u00e9rcoles, el edificio municipal de Lavalle fue sede de una reuni\u00f3n clave para combatir el abigeato y regularizar la actividad c\u00e1rnica en la regi\u00f3n. El encuentro, destinado a carniceros y faenadores, busc\u00f3 afianzar el di\u00e1logo y clarificar las normativas y procedimientos vigentes que rigen al sector.<\/p>\n<p>La jornada cont\u00f3 con la presencia de los intendentes de Lavalle, Gobernador Mart\u00ednez, Yatay Ti Calle, Cruz de los Milagros, Cecilio Echeverr\u00eda y Carolina. Este frente com\u00fan busca fortalecer el trabajo articulado entre los municipios y la Polic\u00eda de Corrientes, en el marco de un intenso plan de lucha contra el robo de ganado.<\/p>\n<p>La reuni\u00f3n estuvo encabezada por el comisario general Gerardo Torres, director general de la Polic\u00eda Rural y Ecol\u00f3gica, acompa\u00f1ado por el comisario inspector Ernesto Montiel y el comisario H\u00e9ctor Romero, flamante jefe del PRIAR &#8211; Lavalle.<\/p>\n<p>Desde la polic\u00eda se anticip\u00f3 que, para garantizar la legalidad y proteger la salud p\u00fablica, continuar\u00e1n los operativos sorpresa de control en carnicer\u00edas de todas las localidades mencionadas. Asimismo, se intensificar\u00e1n los controles vehiculares preventivos, con especial foco en los caminos vecinales y parajes rurales de la zona.<\/p>\n<p>Estas acciones coordinadas entre autoridades y la polic\u00eda tienen como objetivo promover la legalidad y acompa\u00f1ar el desarrollo ordenado de la actividad productiva en beneficio de toda la comunidad correntina<\/p>\n","protected":false},"excerpt":{"rendered":"<p>Intendentes de seis localidades y la Polic\u00eda de Corrientes se reunieron con carniceros en Lavalle para coordinar acciones preventivas, garantizar la legalidad de la carne y anticipar operativos sorpresa en toda la zona. Este frente com\u00fan busca fortalecer el trabajo articulado entre los municipios y la Polic\u00eda de Corrientes, en el marco de un intenso [&hellip;]<\/p>\n","protected":false},"author":2,"featured_media":5288,"comment_status":"open","ping_status":"open","sticky":false,"template":"","format":"standard","meta":{"footnotes":""},"categories":[72],"tags":[],"class_list":{"0":"post-5287","1":"post","2":"type-post","3":"status-publish","4":"format-standard","5":"has-post-thumbnail","7":"category-provinciales"},"_links":{"self":[{"href":"https:\/\/elpueblonoticia.com.ar\/web\/wp-json\/wp\/v2\/posts\/5287","targetHints":{"allow":["GET"]}}],"collection":[{"href":"https:\/\/elpueblonoticia.com.ar\/web\/wp-json\/wp\/v2\/posts"}],"about":[{"href":"https:\/\/elpueblonoticia.com.ar\/web\/wp-json\/wp\/v2\/types\/post"}],"author":[{"embeddable":true,"href":"https:\/\/elpueblonoticia.com.ar\/web\/wp-json\/wp\/v2\/users\/2"}],"replies":[{"embeddable":true,"href":"https:\/\/elpueblonoticia.com.ar\/web\/wp-json\/wp\/v2\/comments?post=5287"}],"version-history":[{"count":1,"href":"https:\/\/elpueblonoticia.com.ar\/web\/wp-json\/wp\/v2\/posts\/5287\/revisions"}],"predecessor-version":[{"id":5289,"href":"https:\/\/elpueblonoticia.com.ar\/web\/wp-json\/wp\/v2\/posts\/5287\/revisions\/5289"}],"wp:featuredmedia":[{"embeddable":true,"href":"https:\/\/elpueblonoticia.com.ar\/web\/wp-json\/wp\/v2\/media\/5288"}],"wp:attachment":[{"href":"https:\/\/elpueblonoticia.com.ar\/web\/wp-json\/wp\/v2\/media?parent=5287"}],"wp:term":[{"taxonomy":"category","embeddable":true,"href":"https:\/\/elpueblonoticia.com.ar\/web\/wp-json\/wp\/v2\/categories?post=5287"},{"taxonomy":"post_tag","embeddable":true,"href":"https:\/\/elpueblonoticia.com.ar\/web\/wp-json\/wp\/v2\/tags?post=5287"}],"curies":[{"name":"wp","href":"https:\/\/api.w.org\/{rel}","templated":true}]}}