{"id":5283,"date":"2026-01-08T14:08:46","date_gmt":"2026-01-08T17:08:46","guid":{"rendered":"https:\/\/elpueblonoticia.com.ar\/web\/?p=5283"},"modified":"2026-01-08T14:08:46","modified_gmt":"2026-01-08T17:08:46","slug":"malcorra-firmo-con-independiente-espero-estar-a-la-altura-voy-a-dejar-todo-en-la-cancha","status":"publish","type":"post","link":"https:\/\/elpueblonoticia.com.ar\/web\/2026\/01\/08\/malcorra-firmo-con-independiente-espero-estar-a-la-altura-voy-a-dejar-todo-en-la-cancha\/","title":{"rendered":"Malcorra firm\u00f3 con Independiente: &#8220;Espero estar a la altura, voy a dejar todo en la cancha&#8221;."},"content":{"rendered":"<p>Luego de varias idas y vueltas por diferencias en el contrato, el ex-Rosario Central puso el gancho y ya se incorporar\u00e1 a las filas del elenco de Gustavo Quinteros. gnacio Malcorra se hizo la revisi\u00f3n m\u00e9dica y ya firm\u00f3 su contrato para incorporarse a Independiente como agente libre luego de tres a\u00f1os y medio en Rosario Central.<\/p>\n<p>El v\u00ednculo ser\u00e1 por un a\u00f1o con opci\u00f3n de extenderlo por otro m\u00e1s y tendr\u00e1 un sueldo compuesto por sumas fijas y otra parte por productividad. &#8220;Es una alegr\u00eda inmensa estar en este club tan grande. Espero estar a la altura. Lo voy a disfrutar. Ojal\u00e1 pueda ayudar al cuerpo t\u00e9cnico y a mis compa\u00f1eros en el lugar que me toque. Voy a dejar todo dentro de la cancha&#8221;, afirm\u00f3 en declaraciones al canal oficial del Rojo.<\/p>\n<p>De esta manera, el volante con vocaci\u00f3n ofensiva se sumar\u00e1 en los pr\u00f3ximos d\u00edas a la pretemporada del Rojo bajo las \u00f3rdenes de Gustavo Quinteros. Este mi\u00e9rcoles por la tarde ser\u00e1 presentado oficialmente en el predio de Villa Dom\u00ednico y luego, se subir\u00e1 al avi\u00f3n para encontrarse con sus nuevos compa\u00f1eros en Uruguay y preparar una serie de amistosos que jugar\u00e1n frente a Alianza Lima, Everton de Vi\u00f1a del Mar y Montevideo Wanderers.<\/p>\n<p>&#8220;No soy de hablar mucho pero dentro de la cancha trat\u00e9 de representar los colores de la mejor manera. Gracias por dejarme ser parte de su hermosa historia&#8221;, dijo Malcorra para despedirse del conjunto Canalla luego de 133 partidos en los que marc\u00f3 22 goles y reparti\u00f3 25 asistencias.<\/p>\n<p>En cuanto al mercado de Independiente, recientemente uno de los que abandon\u00f3 el equipo fue Federico Vera, quien pas\u00f3 a pr\u00e9stamo por un a\u00f1o al Hurac\u00e1n de Diego Mart\u00ednez. En tanto, Felipe Loyola y Kevin Lom\u00f3naco son los que corren con chances de irse, pero de momento, tal y como lo har\u00e1 Malcorra, viajar\u00e1n por la tarde para sumarse a la pretemporada con Quinteros.<\/p>\n","protected":false},"excerpt":{"rendered":"<p>Luego de varias idas y vueltas por diferencias en el contrato, el ex-Rosario Central puso el gancho y ya se incorporar\u00e1 a las filas del elenco de Gustavo Quinteros. gnacio Malcorra se hizo la revisi\u00f3n m\u00e9dica y ya firm\u00f3 su contrato para incorporarse a Independiente como agente libre luego de tres a\u00f1os y medio en [&hellip;]<\/p>\n","protected":false},"author":2,"featured_media":5284,"comment_status":"open","ping_status":"open","sticky":false,"template":"","format":"standard","meta":{"footnotes":""},"categories":[76],"tags":[],"class_list":{"0":"post-5283","1":"post","2":"type-post","3":"status-publish","4":"format-standard","5":"has-post-thumbnail","7":"category-deportes"},"_links":{"self":[{"href":"https:\/\/elpueblonoticia.com.ar\/web\/wp-json\/wp\/v2\/posts\/5283","targetHints":{"allow":["GET"]}}],"collection":[{"href":"https:\/\/elpueblonoticia.com.ar\/web\/wp-json\/wp\/v2\/posts"}],"about":[{"href":"https:\/\/elpueblonoticia.com.ar\/web\/wp-json\/wp\/v2\/types\/post"}],"author":[{"embeddable":true,"href":"https:\/\/elpueblonoticia.com.ar\/web\/wp-json\/wp\/v2\/users\/2"}],"replies":[{"embeddable":true,"href":"https:\/\/elpueblonoticia.com.ar\/web\/wp-json\/wp\/v2\/comments?post=5283"}],"version-history":[{"count":1,"href":"https:\/\/elpueblonoticia.com.ar\/web\/wp-json\/wp\/v2\/posts\/5283\/revisions"}],"predecessor-version":[{"id":5285,"href":"https:\/\/elpueblonoticia.com.ar\/web\/wp-json\/wp\/v2\/posts\/5283\/revisions\/5285"}],"wp:featuredmedia":[{"embeddable":true,"href":"https:\/\/elpueblonoticia.com.ar\/web\/wp-json\/wp\/v2\/media\/5284"}],"wp:attachment":[{"href":"https:\/\/elpueblonoticia.com.ar\/web\/wp-json\/wp\/v2\/media?parent=5283"}],"wp:term":[{"taxonomy":"category","embeddable":true,"href":"https:\/\/elpueblonoticia.com.ar\/web\/wp-json\/wp\/v2\/categories?post=5283"},{"taxonomy":"post_tag","embeddable":true,"href":"https:\/\/elpueblonoticia.com.ar\/web\/wp-json\/wp\/v2\/tags?post=5283"}],"curies":[{"name":"wp","href":"https:\/\/api.w.org\/{rel}","templated":true}]}}