{"id":5280,"date":"2026-01-08T14:07:18","date_gmt":"2026-01-08T17:07:18","guid":{"rendered":"https:\/\/elpueblonoticia.com.ar\/web\/?p=5280"},"modified":"2026-01-08T14:07:18","modified_gmt":"2026-01-08T17:07:18","slug":"el-goyano-zenon-es-pretendido-por-el-alaves-pero-hay-una-traba-en-la-negociacion-con-boca","status":"publish","type":"post","link":"https:\/\/elpueblonoticia.com.ar\/web\/2026\/01\/08\/el-goyano-zenon-es-pretendido-por-el-alaves-pero-hay-una-traba-en-la-negociacion-con-boca\/","title":{"rendered":"El goyano Zen\u00f3n es pretendido por el Alav\u00e9s pero hay una traba en la negociaci\u00f3n con Boca"},"content":{"rendered":"<p>El mediocampista ofensivo es sondeado por el conjunto dirigido por el Chacho Coudet, que marcha en mitad de tabla de La Liga espa\u00f1ola. Son tiempos sinuosos para Kevin Zen\u00f3n en Boca. Comenz\u00f3 el 2025 siendo titular indiscutido y lo finaliz\u00f3 relegado, con una p\u00e9rdida de protagonismo importante. Ahora, se convirti\u00f3 en un futbolista prescindible y podr\u00eda salir en este mercado de pases. En concreto, es pretendido por el Alav\u00e9s de Eduardo Coudet.<\/p>\n<p>Desde el Xeneize no pondr\u00edan trabas para su salida, ya que no es un nombre propio fundamental en el plantel y con la llegada de nuevos refuerzos quedar\u00eda a\u00fan m\u00e1s relegado. Es por eso que la marcha del volante ofensivo es probable en este mercado.<\/p>\n<p>El equipo madrile\u00f1o no puede comprar, por lo que buscar\u00eda un pr\u00e9stamo. Adem\u00e1s del Chacho, la instituci\u00f3n cuenta con presencia argentina en Lucas Boy\u00e9, Nahuel Tenaglia y Facundo Garc\u00e9s (este \u00faltimo, suspendido hasta septiembre de 2026 por castigo de la FIFA, debido a la falsificaci\u00f3n de documentos hecha por la Federaci\u00f3n de Malasia).<\/p>\n<p>Sin embargo, las negociaciones se encuentran frenadas por una diferencia en las cifras. Si bien el Alav\u00e9s propuso un pr\u00e9stamo de 18 meses por 1 mill\u00f3n de d\u00f3lares, el punto de conflicto radica en el monto de la opci\u00f3n de compra. Debido a la ajustada situaci\u00f3n financiera del club espa\u00f1ol, una cl\u00e1usula demasiado elevada podr\u00eda frustrar el traspaso, aunque ambas instituciones mantienen el di\u00e1logo abierto.<\/p>\n<p>Zen\u00f3n apenas goz\u00f3 de minutos en el segundo semestre de 2025. Disput\u00f3 116 minutos en el Torneo Clausura, distribuidos en 10 partidos (lo que da un promedio de casi 12&#8242; por encuentro). Adem\u00e1s, s\u00f3lo convirti\u00f3 cuatro goles: uno ante Argentino de Monte Ma\u00edz por la Copa Argentina, otro frente Alianza Lima por la pre-Copa Libertadores y el resto contra Belgrano y Tigre, por el Apertura.<\/p>\n<p>A mediados de la temporada pasada fue pretendido desde Europa. El Olympiacos griego ofert\u00f3 7 millones de d\u00f3lares por el 80% del pase, aunque la propuesta fue rechazada por la dirigencia. Tambi\u00e9n lo quiso el CSKA Mosc\u00fa, pero Boca no afloj\u00f3 sus pretensiones de aproximadamente 10.000.000 d\u00f3lares, lo que dificult\u00f3 su arribo al viejo continente.<\/p>\n","protected":false},"excerpt":{"rendered":"<p>El mediocampista ofensivo es sondeado por el conjunto dirigido por el Chacho Coudet, que marcha en mitad de tabla de La Liga espa\u00f1ola. Son tiempos sinuosos para Kevin Zen\u00f3n en Boca. Comenz\u00f3 el 2025 siendo titular indiscutido y lo finaliz\u00f3 relegado, con una p\u00e9rdida de protagonismo importante. Ahora, se convirti\u00f3 en un futbolista prescindible y [&hellip;]<\/p>\n","protected":false},"author":2,"featured_media":5281,"comment_status":"open","ping_status":"open","sticky":false,"template":"","format":"standard","meta":{"footnotes":""},"categories":[76],"tags":[],"class_list":{"0":"post-5280","1":"post","2":"type-post","3":"status-publish","4":"format-standard","5":"has-post-thumbnail","7":"category-deportes"},"_links":{"self":[{"href":"https:\/\/elpueblonoticia.com.ar\/web\/wp-json\/wp\/v2\/posts\/5280","targetHints":{"allow":["GET"]}}],"collection":[{"href":"https:\/\/elpueblonoticia.com.ar\/web\/wp-json\/wp\/v2\/posts"}],"about":[{"href":"https:\/\/elpueblonoticia.com.ar\/web\/wp-json\/wp\/v2\/types\/post"}],"author":[{"embeddable":true,"href":"https:\/\/elpueblonoticia.com.ar\/web\/wp-json\/wp\/v2\/users\/2"}],"replies":[{"embeddable":true,"href":"https:\/\/elpueblonoticia.com.ar\/web\/wp-json\/wp\/v2\/comments?post=5280"}],"version-history":[{"count":1,"href":"https:\/\/elpueblonoticia.com.ar\/web\/wp-json\/wp\/v2\/posts\/5280\/revisions"}],"predecessor-version":[{"id":5282,"href":"https:\/\/elpueblonoticia.com.ar\/web\/wp-json\/wp\/v2\/posts\/5280\/revisions\/5282"}],"wp:featuredmedia":[{"embeddable":true,"href":"https:\/\/elpueblonoticia.com.ar\/web\/wp-json\/wp\/v2\/media\/5281"}],"wp:attachment":[{"href":"https:\/\/elpueblonoticia.com.ar\/web\/wp-json\/wp\/v2\/media?parent=5280"}],"wp:term":[{"taxonomy":"category","embeddable":true,"href":"https:\/\/elpueblonoticia.com.ar\/web\/wp-json\/wp\/v2\/categories?post=5280"},{"taxonomy":"post_tag","embeddable":true,"href":"https:\/\/elpueblonoticia.com.ar\/web\/wp-json\/wp\/v2\/tags?post=5280"}],"curies":[{"name":"wp","href":"https:\/\/api.w.org\/{rel}","templated":true}]}}