{"id":5274,"date":"2026-01-08T14:04:12","date_gmt":"2026-01-08T17:04:12","guid":{"rendered":"https:\/\/elpueblonoticia.com.ar\/web\/?p=5274"},"modified":"2026-01-08T14:04:12","modified_gmt":"2026-01-08T17:04:12","slug":"corsos-de-goya-presentacion-oficial-revelara-novedades-para-la-edicion-2026","status":"publish","type":"post","link":"https:\/\/elpueblonoticia.com.ar\/web\/2026\/01\/08\/corsos-de-goya-presentacion-oficial-revelara-novedades-para-la-edicion-2026\/","title":{"rendered":"Corsos de Goya: Presentaci\u00f3n oficial revelar\u00e1 novedades para la edici\u00f3n 2026"},"content":{"rendered":"<p>La presentaci\u00f3n oficial ser\u00e1 este viernes 9 de enero en Costanera Norte, donde se dar\u00e1n a conocer los detalles de la organizaci\u00f3n y las novedades que se esperan para este a\u00f1o. En tanto, las noches de corsos est\u00e1n previstas para el 23, 24 y 31 de enero, y el s\u00e1bado 7 de febrero, ceremonia de premiaci\u00f3n.<\/p>\n<p>El secretario de Modernizaci\u00f3n, Andr\u00e9s Zajarevich, anticip\u00f3 en declaraciones radiales que &#8220;el lanzamiento de los carnavales consistir\u00e1 en que cada una de las seis comparsas cuente con un tiempo determinado para comentar su historia, qu\u00e9 vienen a presentar en los carnavales, mostrar sus figuras, mostrar el show art\u00edstico de su bater\u00eda. As\u00ed conoceremos a las seis comparsas que estar\u00e1n animando los corsos de nuestra ciudad\u201d.<\/p>\n<p>Este a\u00f1o, seis comparsas engalanar\u00e1n el Cors\u00f3dromo: Tropical, Aymar\u00e1, Ita Vera, Poramba, Arami y O Bah\u00eda, esta \u00faltima haciendo su debut. &#8220;Estamos trabajando en conjunto y en equipo con la Secretar\u00eda de Turismo para que los carnavales sean uno de los principales atractivos tur\u00edsticos de la ciudad, tal como lo planeamos en el pacto 2030 con el intendente Mariano Hormaechea&#8221;, dijo Zajarevich.<\/p>\n<p>El inicio de los corsos est\u00e1 programado para el viernes 23 de enero, extendi\u00e9ndose a lo largo del fin de semana con una segunda noche el s\u00e1bado 24. Posteriormente, el s\u00e1bado 31 de enero, culminando el s\u00e1bado 7 de febrero con la ceremonia de premiaci\u00f3n.<\/p>\n<p><strong>LICITACI\u00d3N DE BARES Y CANTINAS<\/strong><\/p>\n<p>En cuanto a los aspectos comerciales del evento, Zajarevich inform\u00f3 que &#8220;tenemos abierto el segundo pliego de licitaci\u00f3n para la concesi\u00f3n de bares y cantinas dentro del circuito carnavalero. Est\u00e1 disponible para quienes quieran hacer explotaci\u00f3n comercial de los lugares hasta el viernes 9 a la ma\u00f1ana, en que se abrir\u00e1n los sobres en la Direcci\u00f3n de Suministros&#8221;.<\/p>\n<p><strong>VENTA DE ENTRADAS<\/strong><\/p>\n<p>Otro punto clave es la venta de entradas, para lo cual se est\u00e1 trabajando en conjunto con la empresa Telco. &#8220;Hemos mantenido una reuni\u00f3n con la gente de Telco que nos brinda la posibilidad de venta digital de las entradas. Desde su casa, la gente puede comprar la entrada, luego ese mismo d\u00eda puede ir a retirar la pulsera en el predio Costa Surub\u00ed&#8221;, se\u00f1al\u00f3 el funcionario municipal. \u201cAdem\u00e1s, se habilitar\u00e1 la compra de entradas mediante c\u00f3digos QR en el mismo predio\u201d, agreg\u00f3.<\/p>\n<p><strong>TRIBUNAS Y EXTRACTORES DE AIRE<\/strong><\/p>\n<p>El secretario de Modernizaci\u00f3n detall\u00f3: \u201cFinalizamos la reuni\u00f3n con Telco, ahora esperamos habilitar el sistema para su funcionamiento, y esperamos las tribunas que llegar\u00e1n la otra semana para su instalaci\u00f3n. Estamos queriendo poner lindo el Cors\u00f3dromo, se est\u00e1n haciendo arreglos, se trabaja con Luminotecnia y Direcci\u00f3n de Servicios en el predio para que eso quede adecuado. En el galp\u00f3n del predio Costa Surub\u00ed se instalaron extractores de aire para la comodidad de quienes est\u00e1n all\u00ed dentro. Recordemos que estamos en \u00e9poca de verano y se hizo una inversi\u00f3n importante por parte de la Municipalidad para mejorar la comodidad de los comparseros. Est\u00e1 trabajando el municipio en pos de levantar la vara que tenemos de los carnavales del a\u00f1o anterior, que fue un \u00e9xito por la concurrencia y la recepci\u00f3n que tuvimos de dicho evento&#8221;.<\/p>\n<p><strong>LA MODERNIZACI\u00d3N<\/strong><\/p>\n<p>La modernizaci\u00f3n es un eje central en la organizaci\u00f3n de los corsos. &#8220;La modernizaci\u00f3n va un poco m\u00e1s all\u00e1 de lo digital, con el dise\u00f1o, la innovaci\u00f3n, la cultura de pensar distinto al carnaval y trabajamos con profesionales que est\u00e1n en la econom\u00eda del conocimiento&#8221;, explic\u00f3 el secretario. Con estos profesionales se trabaja para innovar en la puesta en escena y la experiencia del p\u00fablico. &#8220;Tenemos videos de todo lo que nos imaginamos de c\u00f3mo va a ser el carnaval, cuando uno va a ofrecer la publicidad tenemos otras herramientas digitales que nos permiten visualizar c\u00f3mo pretendemos el carnaval&#8221;, dijo.<\/p>\n<p>\u201cEl tema de la ubicaci\u00f3n de las tribunas tambi\u00e9n es modernizaci\u00f3n porque pasamos a innovar a un cors\u00f3dromo en altura, lo cual, para el pasista (bailar\u00edn), el comparsero, le cambia totalmente su energ\u00eda, su vibra. Eso es lo que queremos. El que transmite esa energ\u00eda es el mismo carnaval que hace que realce esta fiesta de Momo, en todo su sentido\u201d, dijo.<\/p>\n<p><strong>INVERSI\u00d3N Y GRATUIDAD<\/strong><\/p>\n<p>El municipio ha destinado un presupuesto para este evento, cuidando los fondos de los contribuyentes, dijo Andr\u00e9s Zajarevich. Acot\u00f3 que \u201cla decisi\u00f3n del intendente Mariano Hormaechea es seguir haciendo el uso correcto y eficiente de los fondos y permitirle a la gente que no pueda comprar una entrada para el carnaval disponer de forma gratuita&#8221;. Como cada a\u00f1o, se obsequiar\u00e1n entradas a familias que no puedan costearlas. &#8220;Habr\u00e1 entradas gratuitas para las personas y familias que no puedan acceder, es un evento familiar y popular que va tomando una cierta envergadura todos los a\u00f1os y tenemos que seguir trabajando para que crezca nuestro carnaval&#8221;.<\/p>\n<p>Con una inversi\u00f3n importante en infraestructura y servicios, y una propuesta art\u00edstica renovada, la ciudad se prepara para vivir una edici\u00f3n inolvidable de sus corsos, consolid\u00e1ndose como un evento familiar y popular de gran envergadura.<\/p>\n","protected":false},"excerpt":{"rendered":"<p>La presentaci\u00f3n oficial ser\u00e1 este viernes 9 de enero en Costanera Norte, donde se dar\u00e1n a conocer los detalles de la organizaci\u00f3n y las novedades que se esperan para este a\u00f1o. En tanto, las noches de corsos est\u00e1n previstas para el 23, 24 y 31 de enero, y el s\u00e1bado 7 de febrero, ceremonia de [&hellip;]<\/p>\n","protected":false},"author":2,"featured_media":5275,"comment_status":"open","ping_status":"open","sticky":false,"template":"","format":"standard","meta":{"footnotes":""},"categories":[56],"tags":[],"class_list":{"0":"post-5274","1":"post","2":"type-post","3":"status-publish","4":"format-standard","5":"has-post-thumbnail","7":"category-locales"},"_links":{"self":[{"href":"https:\/\/elpueblonoticia.com.ar\/web\/wp-json\/wp\/v2\/posts\/5274","targetHints":{"allow":["GET"]}}],"collection":[{"href":"https:\/\/elpueblonoticia.com.ar\/web\/wp-json\/wp\/v2\/posts"}],"about":[{"href":"https:\/\/elpueblonoticia.com.ar\/web\/wp-json\/wp\/v2\/types\/post"}],"author":[{"embeddable":true,"href":"https:\/\/elpueblonoticia.com.ar\/web\/wp-json\/wp\/v2\/users\/2"}],"replies":[{"embeddable":true,"href":"https:\/\/elpueblonoticia.com.ar\/web\/wp-json\/wp\/v2\/comments?post=5274"}],"version-history":[{"count":1,"href":"https:\/\/elpueblonoticia.com.ar\/web\/wp-json\/wp\/v2\/posts\/5274\/revisions"}],"predecessor-version":[{"id":5276,"href":"https:\/\/elpueblonoticia.com.ar\/web\/wp-json\/wp\/v2\/posts\/5274\/revisions\/5276"}],"wp:featuredmedia":[{"embeddable":true,"href":"https:\/\/elpueblonoticia.com.ar\/web\/wp-json\/wp\/v2\/media\/5275"}],"wp:attachment":[{"href":"https:\/\/elpueblonoticia.com.ar\/web\/wp-json\/wp\/v2\/media?parent=5274"}],"wp:term":[{"taxonomy":"category","embeddable":true,"href":"https:\/\/elpueblonoticia.com.ar\/web\/wp-json\/wp\/v2\/categories?post=5274"},{"taxonomy":"post_tag","embeddable":true,"href":"https:\/\/elpueblonoticia.com.ar\/web\/wp-json\/wp\/v2\/tags?post=5274"}],"curies":[{"name":"wp","href":"https:\/\/api.w.org\/{rel}","templated":true}]}}