{"id":5271,"date":"2026-01-08T13:59:31","date_gmt":"2026-01-08T16:59:31","guid":{"rendered":"https:\/\/elpueblonoticia.com.ar\/web\/?p=5271"},"modified":"2026-01-08T13:59:31","modified_gmt":"2026-01-08T16:59:31","slug":"fin-de-semana-a-puro-deporte-acuatico-en-la-ciudad","status":"publish","type":"post","link":"https:\/\/elpueblonoticia.com.ar\/web\/2026\/01\/08\/fin-de-semana-a-puro-deporte-acuatico-en-la-ciudad\/","title":{"rendered":"Fin de semana a puro deporte acu\u00e1tico en la ciudad"},"content":{"rendered":"<p>Un fin de semana dedicado a las Aguas Abiertas. La ciudad se prepara para recibir a atletas y aficionados en una disciplina que promete adrenalina y emoci\u00f3n en un entorno natural privilegiado. La fecha de Aguas Abiertas en la playa El Inga tendr\u00e1 alrededor de 100 participantes que competir\u00e1n en diferentes distancias.<\/p>\n<p>El director de Deportes Alejandro Lago destac\u00f3 en declaraciones radiales la realizaci\u00f3n de la Escuela de Verano en el Parque Acu\u00e1tico.<\/p>\n<p>En el Parque Acu\u00e1tico ha comenzado la Escuela de Verano, una propuesta innovadora impulsada por el intendente Mariano Hormaechea. El objetivo es brindar la oportunidad a ni\u00f1os de diferentes comisiones de barrio y a aquellos que no conocen el parque, de acceder a clases, practicar deportes acu\u00e1ticos, adem\u00e1s de conocer las instalaciones. &#8220;Los chicos est\u00e1n aprovechando un mont\u00f3n esta posibilidad&#8221;, dijo Lago.<\/p>\n<p>Las actividades est\u00e1n pensadas para un rango de edad de 6 a 16 a\u00f1os, as\u00ed como para adolescentes y adultos mayores. Los mi\u00e9rcoles, el club de adultos mayores disfruta de clases de aqua gym, taich\u00ed, gimnasia aer\u00f3bica y yoga.<\/p>\n<p>Los goyanos tienen la posibilidad de acceder y disfrutar de una tarde en familia en este parque, que est\u00e1 pensado para recibir tanto a los vecinos de la ciudad como a los turistas, generando un producto tur\u00edstico y un servicio para la comunidad.<\/p>\n<p><strong>ESCUELA DE VERANO EN EQUIPO<\/strong><\/p>\n<p>El director de Deportes a\u00f1adi\u00f3: &#8220;Venimos trabajando en equipo con la Secretar\u00eda de Turismo, la Secretar\u00eda de Educaci\u00f3n, la Direcci\u00f3n de Juventud y la Direcci\u00f3n de Cultura para que esta propuesta se lleve adelante, generando un lindo entorno para que la gente pueda disfrutar de esta actividad y conocer este espacio que la ciudad tiene, al cual el se\u00f1or intendente le ha puesto mucha atenci\u00f3n, y eso es resultado de un lindo espacio para la comunidad&#8221;.<\/p>\n<p><strong>COORDINACI\u00d3N CON OTRAS \u00c1REAS<\/strong><\/p>\n<p>\u201cSe est\u00e1 trabajando en coordinaci\u00f3n con otras \u00e1reas municipales para tener una agenda en com\u00fan y evitar la superposici\u00f3n de actividades. Por ejemplo, no se realizar\u00e1n actividades deportivas durante los d\u00edas de carnaval, sino que se enfocar\u00e1n en los festejos\u201d.<\/p>\n","protected":false},"excerpt":{"rendered":"<p>Un fin de semana dedicado a las Aguas Abiertas. La ciudad se prepara para recibir a atletas y aficionados en una disciplina que promete adrenalina y emoci\u00f3n en un entorno natural privilegiado. La fecha de Aguas Abiertas en la playa El Inga tendr\u00e1 alrededor de 100 participantes que competir\u00e1n en diferentes distancias. El director de [&hellip;]<\/p>\n","protected":false},"author":2,"featured_media":5272,"comment_status":"open","ping_status":"open","sticky":false,"template":"","format":"standard","meta":{"footnotes":""},"categories":[56],"tags":[],"class_list":{"0":"post-5271","1":"post","2":"type-post","3":"status-publish","4":"format-standard","5":"has-post-thumbnail","7":"category-locales"},"_links":{"self":[{"href":"https:\/\/elpueblonoticia.com.ar\/web\/wp-json\/wp\/v2\/posts\/5271","targetHints":{"allow":["GET"]}}],"collection":[{"href":"https:\/\/elpueblonoticia.com.ar\/web\/wp-json\/wp\/v2\/posts"}],"about":[{"href":"https:\/\/elpueblonoticia.com.ar\/web\/wp-json\/wp\/v2\/types\/post"}],"author":[{"embeddable":true,"href":"https:\/\/elpueblonoticia.com.ar\/web\/wp-json\/wp\/v2\/users\/2"}],"replies":[{"embeddable":true,"href":"https:\/\/elpueblonoticia.com.ar\/web\/wp-json\/wp\/v2\/comments?post=5271"}],"version-history":[{"count":1,"href":"https:\/\/elpueblonoticia.com.ar\/web\/wp-json\/wp\/v2\/posts\/5271\/revisions"}],"predecessor-version":[{"id":5273,"href":"https:\/\/elpueblonoticia.com.ar\/web\/wp-json\/wp\/v2\/posts\/5271\/revisions\/5273"}],"wp:featuredmedia":[{"embeddable":true,"href":"https:\/\/elpueblonoticia.com.ar\/web\/wp-json\/wp\/v2\/media\/5272"}],"wp:attachment":[{"href":"https:\/\/elpueblonoticia.com.ar\/web\/wp-json\/wp\/v2\/media?parent=5271"}],"wp:term":[{"taxonomy":"category","embeddable":true,"href":"https:\/\/elpueblonoticia.com.ar\/web\/wp-json\/wp\/v2\/categories?post=5271"},{"taxonomy":"post_tag","embeddable":true,"href":"https:\/\/elpueblonoticia.com.ar\/web\/wp-json\/wp\/v2\/tags?post=5271"}],"curies":[{"name":"wp","href":"https:\/\/api.w.org\/{rel}","templated":true}]}}