{"id":5268,"date":"2026-01-08T13:57:35","date_gmt":"2026-01-08T16:57:35","guid":{"rendered":"https:\/\/elpueblonoticia.com.ar\/web\/?p=5268"},"modified":"2026-01-08T13:57:35","modified_gmt":"2026-01-08T16:57:35","slug":"alrededor-de-450-policias-ya-trabajan-en-el-dispositivo-de-seguridad-por-la-festividad-del-gaucho-gil","status":"publish","type":"post","link":"https:\/\/elpueblonoticia.com.ar\/web\/2026\/01\/08\/alrededor-de-450-policias-ya-trabajan-en-el-dispositivo-de-seguridad-por-la-festividad-del-gaucho-gil\/","title":{"rendered":"Alrededor de 450 polic\u00edas ya trabajan en el dispositivo de seguridad por la festividad del Gaucho Gil"},"content":{"rendered":"<p>Desde las 18:00 horas del martes 06, alrededor de 450 efectivos de la Polic\u00eda de Corrientes dieron inicio al dispositivo de seguridad especial, con motivo de la festividad del Gaucho Gil en la ciudad de Mercedes, que congrega a miles de personas tanto de la Argentina, como de otros pa\u00edses.<\/p>\n<p>El lanzamiento del operativo especial cont\u00f3 con la presencia del subjefe de Polic\u00eda Crio. Gral. Walter Dar\u00edo Aceval; el director General de Coordinaci\u00f3n e Interior Crio. Gral. Gauna H\u00e9ctor Daniel; el director del Seguridad Vial Crio. Gral. Eduardo Felipe Dip; el director de la Unidad Regional III\u00ba Crio. Mayor, Lima Juan Ram\u00f3n; y dem\u00e1s autoridades presentes.<\/p>\n<p>La Polic\u00eda cumple un rol fundamental en el control del tr\u00e1nsito vehicular con el objetivo de que no se produzcan extensas colas, ante la masiva concurrencia de fieles que todos los a\u00f1os arriban para participar de la festividad del 8 de enero que es el aniversario del fallecimiento de Antonio Plutarco Cruz Mamerto Gil N\u00fa\u00f1ez.<\/p>\n<p>Fueron afectados efectivos de las dependencias policiales de las localidades cercanas y de alrededores, as\u00ed como los jefes de \u00e1rea que trabajar\u00e1n en el dispositivo que se implementar\u00e1 hasta el viernes 09.<\/p>\n<p>Cabe se\u00f1alar que la actividad se centra en el predio del Gaucho Gil ubicado en el kil\u00f3metro 101 de la Ruta Nacional N\u00ba 123.<\/p>\n<p>Con el fin de brindar un servicio a la altura de las circunstancias y acorde a la masiva concurrencia, fueron afectados m\u00e1s de 450 polic\u00edas, decenas de m\u00f3viles y patrulleros, as\u00ed como equipos de tecnolog\u00eda como ser los drones de seguridad.<\/p>\n<p>En consecuencia, el tr\u00e1nsito vehicular por las rutas que comunican con ese punto de masiva concurrencia se ver\u00e1 afectado, incluso con alertas e desv\u00edos y re direccionamientos.<\/p>\n","protected":false},"excerpt":{"rendered":"<p>Desde las 18:00 horas del martes 06, alrededor de 450 efectivos de la Polic\u00eda de Corrientes dieron inicio al dispositivo de seguridad especial, con motivo de la festividad del Gaucho Gil en la ciudad de Mercedes, que congrega a miles de personas tanto de la Argentina, como de otros pa\u00edses. El lanzamiento del operativo especial [&hellip;]<\/p>\n","protected":false},"author":2,"featured_media":5269,"comment_status":"open","ping_status":"open","sticky":false,"template":"","format":"standard","meta":{"footnotes":""},"categories":[72],"tags":[],"class_list":{"0":"post-5268","1":"post","2":"type-post","3":"status-publish","4":"format-standard","5":"has-post-thumbnail","7":"category-provinciales"},"_links":{"self":[{"href":"https:\/\/elpueblonoticia.com.ar\/web\/wp-json\/wp\/v2\/posts\/5268","targetHints":{"allow":["GET"]}}],"collection":[{"href":"https:\/\/elpueblonoticia.com.ar\/web\/wp-json\/wp\/v2\/posts"}],"about":[{"href":"https:\/\/elpueblonoticia.com.ar\/web\/wp-json\/wp\/v2\/types\/post"}],"author":[{"embeddable":true,"href":"https:\/\/elpueblonoticia.com.ar\/web\/wp-json\/wp\/v2\/users\/2"}],"replies":[{"embeddable":true,"href":"https:\/\/elpueblonoticia.com.ar\/web\/wp-json\/wp\/v2\/comments?post=5268"}],"version-history":[{"count":1,"href":"https:\/\/elpueblonoticia.com.ar\/web\/wp-json\/wp\/v2\/posts\/5268\/revisions"}],"predecessor-version":[{"id":5270,"href":"https:\/\/elpueblonoticia.com.ar\/web\/wp-json\/wp\/v2\/posts\/5268\/revisions\/5270"}],"wp:featuredmedia":[{"embeddable":true,"href":"https:\/\/elpueblonoticia.com.ar\/web\/wp-json\/wp\/v2\/media\/5269"}],"wp:attachment":[{"href":"https:\/\/elpueblonoticia.com.ar\/web\/wp-json\/wp\/v2\/media?parent=5268"}],"wp:term":[{"taxonomy":"category","embeddable":true,"href":"https:\/\/elpueblonoticia.com.ar\/web\/wp-json\/wp\/v2\/categories?post=5268"},{"taxonomy":"post_tag","embeddable":true,"href":"https:\/\/elpueblonoticia.com.ar\/web\/wp-json\/wp\/v2\/tags?post=5268"}],"curies":[{"name":"wp","href":"https:\/\/api.w.org\/{rel}","templated":true}]}}